{"id":986,"date":"2022-02-08T00:42:10","date_gmt":"2022-02-08T00:42:10","guid":{"rendered":"https:\/\/redalforja.org.gt\/mediateca\/?p=986"},"modified":"2022-07-27T03:40:37","modified_gmt":"2022-07-27T03:40:37","slug":"desmi-defensa-de-las-semillas-en-red","status":"publish","type":"post","link":"https:\/\/redalforja.org.gt\/mediateca\/2022\/02\/08\/desmi-defensa-de-las-semillas-en-red\/","title":{"rendered":"DESMI: Defensa de las semillas en red"},"content":{"rendered":"\n<p>Defensa de las semillas en red: acci\u00f3n y reflexi\u00f3n, es el resultado del proceso de sistematizaci\u00f3n de la experiencia de la Red de Guardianes y Guardanias de la Semilla de semillas criollas, acompa\u00f1ada por DESMI Chiapas, acompa\u00f1ada por la comisi\u00f3n de sistematizaci\u00f3n de la Red Alforja durante el a\u00f1o 2020.<\/p>\n\n\n\n<p><strong><a href=\"https:\/\/drive.google.com\/file\/d\/1vmFdA7oXISbpCg4y4MuLIdAe_EwsJgU6\/view?usp=sharing\">Para leer y descargar el documento completo:<\/a><\/strong><br><\/p>\n","protected":false},"excerpt":{"rendered":"<p>Defensa de las semillas en red: acci\u00f3n y reflexi\u00f3n, es el resultado del proceso de sistematizaci\u00f3n de la experiencia de la Red de Guardianes y Guardanias de la Semilla de&#8230; <a href=\"https:\/\/redalforja.org.gt\/mediateca\/2022\/02\/08\/desmi-defensa-de-las-semillas-en-red\/\">Leer m\u00e1s &raquo;<\/a><\/p>\n","protected":false},"author":3,"featured_media":988,"comment_status":"closed","ping_status":"closed","sticky":false,"template":"","format":"standard","meta":[],"categories":[27,13,7,3],"tags":[44,37,69],"post_mailing_queue_ids":[],"_links":{"self":[{"href":"https:\/\/redalforja.org.gt\/mediateca\/wp-json\/wp\/v2\/posts\/986"}],"collection":[{"href":"https:\/\/redalforja.org.gt\/mediateca\/wp-json\/wp\/v2\/posts"}],"about":[{"href":"https:\/\/redalforja.org.gt\/mediateca\/wp-json\/wp\/v2\/types\/post"}],"author":[{"embeddable":true,"href":"https:\/\/redalforja.org.gt\/mediateca\/wp-json\/wp\/v2\/users\/3"}],"replies":[{"embeddable":true,"href":"https:\/\/redalforja.org.gt\/mediateca\/wp-json\/wp\/v2\/comments?post=986"}],"version-history":[{"count":5,"href":"https:\/\/redalforja.org.gt\/mediateca\/wp-json\/wp\/v2\/posts\/986\/revisions"}],"predecessor-version":[{"id":1419,"href":"https:\/\/redalforja.org.gt\/mediateca\/wp-json\/wp\/v2\/posts\/986\/revisions\/1419"}],"wp:featuredmedia":[{"embeddable":true,"href":"https:\/\/redalforja.org.gt\/mediateca\/wp-json\/wp\/v2\/media\/988"}],"wp:attachment":[{"href":"https:\/\/redalforja.org.gt\/mediateca\/wp-json\/wp\/v2\/media?parent=986"}],"wp:term":[{"taxonomy":"category","embeddable":true,"href":"https:\/\/redalforja.org.gt\/mediateca\/wp-json\/wp\/v2\/categories?post=986"},{"taxonomy":"post_tag","embeddable":true,"href":"https:\/\/redalforja.org.gt\/mediateca\/wp-json\/wp\/v2\/tags?post=986"}],"curies":[{"name":"wp","href":"https:\/\/api.w.org\/{rel}","templated":true}]}}