{"id":980,"date":"2022-02-08T00:19:10","date_gmt":"2022-02-08T00:19:10","guid":{"rendered":"https:\/\/redalforja.org.gt\/mediateca\/?p=980"},"modified":"2022-07-27T03:41:36","modified_gmt":"2022-07-27T03:41:36","slug":"copudever-13-anos-defendiendo-el-rio-el-agua-y-el-territorio","status":"publish","type":"post","link":"https:\/\/redalforja.org.gt\/mediateca\/2022\/02\/08\/copudever-13-anos-defendiendo-el-rio-el-agua-y-el-territorio\/","title":{"rendered":"COPUDEVER: 13 a\u00f1os defendiendo el r\u00edo, el agua y el territorio"},"content":{"rendered":"\n<p>El presente documento se ha elaborado a partir de la sistematizaci\u00f3n de 13 a\u00f1os de experiencia organizativa del Consejo de Pueblos Unidos por la Defensa del R\u00edo Verde (COPUDEVER). La sistematizaci\u00f3n de la experiencia fue un acuerdo entre el movimiento y EDUCA organizaci\u00f3n que ha acompa\u00f1ado el proceso y se realiz\u00f3 en el marco del proceso de acompa\u00f1amiento denominado \u201c\u00a1A construir aprendizajes desde nuestras resistencias y luchas! Procesos de sistematizaci\u00f3n para aprender de nuestras experiencias pol\u00edticas\u201d. Este proceso ha sido convocado y acompa\u00f1ado por la Red Mesoamericana de Educaci\u00f3n Popular (Red Alforja) en el segundo semestre de 2020.<\/p>\n\n\n\n<p><strong><a href=\"https:\/\/drive.google.com\/file\/d\/10AZTSx7PplAlWwt_4mxIprPSD_k-jXTF\/view?usp=sharing\">Descargar PDF:<\/a><\/strong> <br><\/p>\n","protected":false},"excerpt":{"rendered":"<p>El presente documento se ha elaborado a partir de la sistematizaci\u00f3n de 13 a\u00f1os de experiencia organizativa del Consejo de Pueblos Unidos por la Defensa del R\u00edo Verde (COPUDEVER). La&#8230; <a href=\"https:\/\/redalforja.org.gt\/mediateca\/2022\/02\/08\/copudever-13-anos-defendiendo-el-rio-el-agua-y-el-territorio\/\">Leer m\u00e1s &raquo;<\/a><\/p>\n","protected":false},"author":3,"featured_media":982,"comment_status":"closed","ping_status":"closed","sticky":false,"template":"","format":"standard","meta":[],"categories":[7,19,25,3],"tags":[32,44,37,69],"post_mailing_queue_ids":[],"_links":{"self":[{"href":"https:\/\/redalforja.org.gt\/mediateca\/wp-json\/wp\/v2\/posts\/980"}],"collection":[{"href":"https:\/\/redalforja.org.gt\/mediateca\/wp-json\/wp\/v2\/posts"}],"about":[{"href":"https:\/\/redalforja.org.gt\/mediateca\/wp-json\/wp\/v2\/types\/post"}],"author":[{"embeddable":true,"href":"https:\/\/redalforja.org.gt\/mediateca\/wp-json\/wp\/v2\/users\/3"}],"replies":[{"embeddable":true,"href":"https:\/\/redalforja.org.gt\/mediateca\/wp-json\/wp\/v2\/comments?post=980"}],"version-history":[{"count":6,"href":"https:\/\/redalforja.org.gt\/mediateca\/wp-json\/wp\/v2\/posts\/980\/revisions"}],"predecessor-version":[{"id":1422,"href":"https:\/\/redalforja.org.gt\/mediateca\/wp-json\/wp\/v2\/posts\/980\/revisions\/1422"}],"wp:featuredmedia":[{"embeddable":true,"href":"https:\/\/redalforja.org.gt\/mediateca\/wp-json\/wp\/v2\/media\/982"}],"wp:attachment":[{"href":"https:\/\/redalforja.org.gt\/mediateca\/wp-json\/wp\/v2\/media?parent=980"}],"wp:term":[{"taxonomy":"category","embeddable":true,"href":"https:\/\/redalforja.org.gt\/mediateca\/wp-json\/wp\/v2\/categories?post=980"},{"taxonomy":"post_tag","embeddable":true,"href":"https:\/\/redalforja.org.gt\/mediateca\/wp-json\/wp\/v2\/tags?post=980"}],"curies":[{"name":"wp","href":"https:\/\/api.w.org\/{rel}","templated":true}]}}