{"id":961,"date":"2022-02-07T22:55:45","date_gmt":"2022-02-07T22:55:45","guid":{"rendered":"https:\/\/redalforja.org.gt\/mediateca\/?p=961"},"modified":"2022-07-27T03:47:32","modified_gmt":"2022-07-27T03:47:32","slug":"acompanamiento-metodologico-de-alforja-al-proceso-de-sistematizacion-de-experiencias-con-poblacion-desarraigada-de-guatemala","status":"publish","type":"post","link":"https:\/\/redalforja.org.gt\/mediateca\/2022\/02\/07\/acompanamiento-metodologico-de-alforja-al-proceso-de-sistematizacion-de-experiencias-con-poblacion-desarraigada-de-guatemala\/","title":{"rendered":"Acompa\u00f1amiento metodol\u00f3gico de Alforja al proceso de  sistematizaci\u00f3n de experiencias con poblaci\u00f3n  desarraigada de Guatemala"},"content":{"rendered":"\n<p>Puntos para la \u00abSistematizaci\u00f3n &#8211; Interna\u00bb de la Sistematizaci\u00f3n de Experiencias Educativas y organizativas de la Poblaci\u00f3n Desarraigada de&nbsp; Guatemala &#8211; 1996<\/p>\n\n\n\n<p>Por la importancia del acompa\u00f1amiento a ese proceso para la historia de Alforja, en la 44 Reuni\u00f3n de la Coordinaci\u00f3n, en noviembre de 1996, se decidi\u00f3 hacer una \u00absistematizaci\u00f3n interna\u00bb para el Programa y los centros, que diera cuenta de la experiencia en t\u00e9rminos conceptuales y de m\u00e9todo, en relaci\u00f3n con la propuesta de sistematizaci\u00f3n de Alforja. <\/p>\n\n\n\n<p><a href=\"https:\/\/drive.google.com\/file\/d\/11Hhz_mT5nuiR5_t2N4fgpU0QkqEf2K3K\/view?usp=sharing\">Leer texto Completo\u00a0<\/a><\/p>\n","protected":false},"excerpt":{"rendered":"<p>Puntos para la \u00abSistematizaci\u00f3n &#8211; Interna\u00bb de la Sistematizaci\u00f3n de Experiencias Educativas y organizativas de la Poblaci\u00f3n Desarraigada de&nbsp; Guatemala &#8211; 1996 Por la importancia del acompa\u00f1amiento a ese proceso&#8230; <a href=\"https:\/\/redalforja.org.gt\/mediateca\/2022\/02\/07\/acompanamiento-metodologico-de-alforja-al-proceso-de-sistematizacion-de-experiencias-con-poblacion-desarraigada-de-guatemala\/\">Leer m\u00e1s &raquo;<\/a><\/p>\n","protected":false},"author":3,"featured_media":962,"comment_status":"closed","ping_status":"closed","sticky":false,"template":"","format":"standard","meta":[],"categories":[13,14,24,25,3],"tags":[],"post_mailing_queue_ids":[],"_links":{"self":[{"href":"https:\/\/redalforja.org.gt\/mediateca\/wp-json\/wp\/v2\/posts\/961"}],"collection":[{"href":"https:\/\/redalforja.org.gt\/mediateca\/wp-json\/wp\/v2\/posts"}],"about":[{"href":"https:\/\/redalforja.org.gt\/mediateca\/wp-json\/wp\/v2\/types\/post"}],"author":[{"embeddable":true,"href":"https:\/\/redalforja.org.gt\/mediateca\/wp-json\/wp\/v2\/users\/3"}],"replies":[{"embeddable":true,"href":"https:\/\/redalforja.org.gt\/mediateca\/wp-json\/wp\/v2\/comments?post=961"}],"version-history":[{"count":5,"href":"https:\/\/redalforja.org.gt\/mediateca\/wp-json\/wp\/v2\/posts\/961\/revisions"}],"predecessor-version":[{"id":1426,"href":"https:\/\/redalforja.org.gt\/mediateca\/wp-json\/wp\/v2\/posts\/961\/revisions\/1426"}],"wp:featuredmedia":[{"embeddable":true,"href":"https:\/\/redalforja.org.gt\/mediateca\/wp-json\/wp\/v2\/media\/962"}],"wp:attachment":[{"href":"https:\/\/redalforja.org.gt\/mediateca\/wp-json\/wp\/v2\/media?parent=961"}],"wp:term":[{"taxonomy":"category","embeddable":true,"href":"https:\/\/redalforja.org.gt\/mediateca\/wp-json\/wp\/v2\/categories?post=961"},{"taxonomy":"post_tag","embeddable":true,"href":"https:\/\/redalforja.org.gt\/mediateca\/wp-json\/wp\/v2\/tags?post=961"}],"curies":[{"name":"wp","href":"https:\/\/api.w.org\/{rel}","templated":true}]}}