{"id":945,"date":"2022-01-28T22:14:28","date_gmt":"2022-01-28T22:14:28","guid":{"rendered":"https:\/\/redalforja.org.gt\/mediateca\/?p=945"},"modified":"2022-07-27T03:53:07","modified_gmt":"2022-07-27T03:53:07","slug":"paulo-freire-100-anos-pasado-y-presente-de-una-pedagogia-liberadora-4","status":"publish","type":"post","link":"https:\/\/redalforja.org.gt\/mediateca\/2022\/01\/28\/paulo-freire-100-anos-pasado-y-presente-de-una-pedagogia-liberadora-4\/","title":{"rendered":"Paulo Freire, 100 a\u00f1os Pasado y presente de una pedagog\u00eda liberadora #4"},"content":{"rendered":"\n<p>Cien voces por los cien a\u00f1os del nacimiento de Paulo Freire es un ciclo<br>que nace de algunas preguntas.<\/p>\n\n\n\n<p>En primer lugar, \u00bfpor qu\u00e9 recuperar la figura de Freire y por qu\u00e9 elegir<br>esta manera de celebrar su vida y sus aportes a la historia de la pedagog\u00eda latinoamericana? Creemos que en su figura se a\u00fanan y conjugan elementos que permiten, por un lado, ubicar su persona en un entramado latinoamericano de los pueblos que luchan por su emancipaci\u00f3n y por otro, distinguirla en su particularidad y referencia, identificarla con sus matices propios, a la vez que entenderla como representativa de una regi\u00f3n, pero con proyecci\u00f3n en la visi\u00f3n de una pedagog\u00eda eminentemente latinoamericana, que viene a interpelar al mundo. Por eso, Paulo Freire es el pedagogo de Am\u00e9rica Latina, pero es tambi\u00e9n pedagogo del mundo.<\/p>\n\n\n\n<p><a href=\"https:\/\/drive.google.com\/file\/d\/14Kv7b8n84DsdHhiSLIfAfzW-y6sjBi4b\/view?usp=sharing\">Leer texto completo\u00a0<\/a><\/p>\n","protected":false},"excerpt":{"rendered":"<p>Cien voces por los cien a\u00f1os del nacimiento de Paulo Freire es un cicloque nace de algunas preguntas. En primer lugar, \u00bfpor qu\u00e9 recuperar la figura de Freire y por&#8230; <a href=\"https:\/\/redalforja.org.gt\/mediateca\/2022\/01\/28\/paulo-freire-100-anos-pasado-y-presente-de-una-pedagogia-liberadora-4\/\">Leer m\u00e1s &raquo;<\/a><\/p>\n","protected":false},"author":3,"featured_media":946,"comment_status":"closed","ping_status":"closed","sticky":false,"template":"","format":"standard","meta":[],"categories":[11,6,12,64],"tags":[33,63,84],"post_mailing_queue_ids":[],"_links":{"self":[{"href":"https:\/\/redalforja.org.gt\/mediateca\/wp-json\/wp\/v2\/posts\/945"}],"collection":[{"href":"https:\/\/redalforja.org.gt\/mediateca\/wp-json\/wp\/v2\/posts"}],"about":[{"href":"https:\/\/redalforja.org.gt\/mediateca\/wp-json\/wp\/v2\/types\/post"}],"author":[{"embeddable":true,"href":"https:\/\/redalforja.org.gt\/mediateca\/wp-json\/wp\/v2\/users\/3"}],"replies":[{"embeddable":true,"href":"https:\/\/redalforja.org.gt\/mediateca\/wp-json\/wp\/v2\/comments?post=945"}],"version-history":[{"count":4,"href":"https:\/\/redalforja.org.gt\/mediateca\/wp-json\/wp\/v2\/posts\/945\/revisions"}],"predecessor-version":[{"id":1435,"href":"https:\/\/redalforja.org.gt\/mediateca\/wp-json\/wp\/v2\/posts\/945\/revisions\/1435"}],"wp:featuredmedia":[{"embeddable":true,"href":"https:\/\/redalforja.org.gt\/mediateca\/wp-json\/wp\/v2\/media\/946"}],"wp:attachment":[{"href":"https:\/\/redalforja.org.gt\/mediateca\/wp-json\/wp\/v2\/media?parent=945"}],"wp:term":[{"taxonomy":"category","embeddable":true,"href":"https:\/\/redalforja.org.gt\/mediateca\/wp-json\/wp\/v2\/categories?post=945"},{"taxonomy":"post_tag","embeddable":true,"href":"https:\/\/redalforja.org.gt\/mediateca\/wp-json\/wp\/v2\/tags?post=945"}],"curies":[{"name":"wp","href":"https:\/\/api.w.org\/{rel}","templated":true}]}}