{"id":934,"date":"2022-01-28T20:19:55","date_gmt":"2022-01-28T20:19:55","guid":{"rendered":"https:\/\/redalforja.org.gt\/mediateca\/?p=934"},"modified":"2022-07-27T03:58:38","modified_gmt":"2022-07-27T03:58:38","slug":"las-cuatro-mujeres-de-dios-la-puta-la-bruja-la-santa-y-la-tonta","status":"publish","type":"post","link":"https:\/\/redalforja.org.gt\/mediateca\/2022\/01\/28\/las-cuatro-mujeres-de-dios-la-puta-la-bruja-la-santa-y-la-tonta\/","title":{"rendered":"Las Cuatro Mujeres de Dios: La puta, la bruja, la santa y la tonta"},"content":{"rendered":"\n<p>El franc\u00e9s Guy Bechtel realiza una nueva y profunda investigaci\u00f3n bibliogr\u00e1fica sobre el nunca reconocido antifeminismo de la Iglesia Cat\u00f3lica desde sus or\u00edgenes hasta la actualidad. Recurre el autor a textos latinos, autobiograf\u00edas, textos de los padres de la iglesia, textos can\u00f3nicos, etc. El libro es atrapante: por \u00e9l desfilan las penurias y malos entendidos por las que tuvieron que pasar esas cuatro (supuestas) categor\u00edas de mujeres en las que la Iglesia Cat\u00f3lica decidi\u00f3 encerrarlas.<br><\/p>\n\n\n\n<p><a href=\"https:\/\/drive.google.com\/file\/d\/1NESd3EAxA1HvqOmxonnmcvLtBAO0Cabk\/view?usp=sharing\">Leer texto completo\u00a0<\/a><\/p>\n","protected":false},"excerpt":{"rendered":"<p>El franc\u00e9s Guy Bechtel realiza una nueva y profunda investigaci\u00f3n bibliogr\u00e1fica sobre el nunca reconocido antifeminismo de la Iglesia Cat\u00f3lica desde sus or\u00edgenes hasta la actualidad. Recurre el autor a&#8230; <a href=\"https:\/\/redalforja.org.gt\/mediateca\/2022\/01\/28\/las-cuatro-mujeres-de-dios-la-puta-la-bruja-la-santa-y-la-tonta\/\">Leer m\u00e1s &raquo;<\/a><\/p>\n","protected":false},"author":3,"featured_media":935,"comment_status":"closed","ping_status":"closed","sticky":false,"template":"","format":"standard","meta":[],"categories":[23,26,21],"tags":[35,83,42],"post_mailing_queue_ids":[],"_links":{"self":[{"href":"https:\/\/redalforja.org.gt\/mediateca\/wp-json\/wp\/v2\/posts\/934"}],"collection":[{"href":"https:\/\/redalforja.org.gt\/mediateca\/wp-json\/wp\/v2\/posts"}],"about":[{"href":"https:\/\/redalforja.org.gt\/mediateca\/wp-json\/wp\/v2\/types\/post"}],"author":[{"embeddable":true,"href":"https:\/\/redalforja.org.gt\/mediateca\/wp-json\/wp\/v2\/users\/3"}],"replies":[{"embeddable":true,"href":"https:\/\/redalforja.org.gt\/mediateca\/wp-json\/wp\/v2\/comments?post=934"}],"version-history":[{"count":3,"href":"https:\/\/redalforja.org.gt\/mediateca\/wp-json\/wp\/v2\/posts\/934\/revisions"}],"predecessor-version":[{"id":1441,"href":"https:\/\/redalforja.org.gt\/mediateca\/wp-json\/wp\/v2\/posts\/934\/revisions\/1441"}],"wp:featuredmedia":[{"embeddable":true,"href":"https:\/\/redalforja.org.gt\/mediateca\/wp-json\/wp\/v2\/media\/935"}],"wp:attachment":[{"href":"https:\/\/redalforja.org.gt\/mediateca\/wp-json\/wp\/v2\/media?parent=934"}],"wp:term":[{"taxonomy":"category","embeddable":true,"href":"https:\/\/redalforja.org.gt\/mediateca\/wp-json\/wp\/v2\/categories?post=934"},{"taxonomy":"post_tag","embeddable":true,"href":"https:\/\/redalforja.org.gt\/mediateca\/wp-json\/wp\/v2\/tags?post=934"}],"curies":[{"name":"wp","href":"https:\/\/api.w.org\/{rel}","templated":true}]}}