{"id":922,"date":"2022-01-28T19:58:46","date_gmt":"2022-01-28T19:58:46","guid":{"rendered":"https:\/\/redalforja.org.gt\/mediateca\/?p=922"},"modified":"2022-07-27T04:01:57","modified_gmt":"2022-07-27T04:01:57","slug":"companeras-mujeres-en-revolucion-nuestras-voces","status":"publish","type":"post","link":"https:\/\/redalforja.org.gt\/mediateca\/2022\/01\/28\/companeras-mujeres-en-revolucion-nuestras-voces\/","title":{"rendered":"Compa\u00f1eras, Mujeres en Revoluci\u00f3n Nuestras voces"},"content":{"rendered":"\n<p>En esta s\u00edntesis de la vida y lucha de las protagonistas de esta historia, de forma apretada, est\u00e1 palpable la capacidad transformadora de mujeres sencillas y constructoras. Su acci\u00f3n y su pensamiento se  hacen consecuentes  con  su  sentir.  Es  el  proceso  por  el  cual  se forjaron sujetas pol\u00edticas. Parafraseando al Che, la condici\u00f3n m\u00e1s alta para un ser humano es ser revolucionario.<br><\/p>\n\n\n\n<p><a href=\"https:\/\/drive.google.com\/file\/d\/1gtuj9v1KM0IFCOlOa0KlqkHOZ8KU1dOG\/view?usp=sharing\">Leer texto completo\u00a0<\/a><\/p>\n","protected":false},"excerpt":{"rendered":"<p>En esta s\u00edntesis de la vida y lucha de las protagonistas de esta historia, de forma apretada, est\u00e1 palpable la capacidad transformadora de mujeres sencillas y constructoras. Su acci\u00f3n y&#8230; <a href=\"https:\/\/redalforja.org.gt\/mediateca\/2022\/01\/28\/companeras-mujeres-en-revolucion-nuestras-voces\/\">Leer m\u00e1s &raquo;<\/a><\/p>\n","protected":false},"author":3,"featured_media":925,"comment_status":"closed","ping_status":"closed","sticky":false,"template":"","format":"standard","meta":[],"categories":[23,12,26,34,21],"tags":[78,79,30,42],"post_mailing_queue_ids":[],"_links":{"self":[{"href":"https:\/\/redalforja.org.gt\/mediateca\/wp-json\/wp\/v2\/posts\/922"}],"collection":[{"href":"https:\/\/redalforja.org.gt\/mediateca\/wp-json\/wp\/v2\/posts"}],"about":[{"href":"https:\/\/redalforja.org.gt\/mediateca\/wp-json\/wp\/v2\/types\/post"}],"author":[{"embeddable":true,"href":"https:\/\/redalforja.org.gt\/mediateca\/wp-json\/wp\/v2\/users\/3"}],"replies":[{"embeddable":true,"href":"https:\/\/redalforja.org.gt\/mediateca\/wp-json\/wp\/v2\/comments?post=922"}],"version-history":[{"count":4,"href":"https:\/\/redalforja.org.gt\/mediateca\/wp-json\/wp\/v2\/posts\/922\/revisions"}],"predecessor-version":[{"id":1445,"href":"https:\/\/redalforja.org.gt\/mediateca\/wp-json\/wp\/v2\/posts\/922\/revisions\/1445"}],"wp:featuredmedia":[{"embeddable":true,"href":"https:\/\/redalforja.org.gt\/mediateca\/wp-json\/wp\/v2\/media\/925"}],"wp:attachment":[{"href":"https:\/\/redalforja.org.gt\/mediateca\/wp-json\/wp\/v2\/media?parent=922"}],"wp:term":[{"taxonomy":"category","embeddable":true,"href":"https:\/\/redalforja.org.gt\/mediateca\/wp-json\/wp\/v2\/categories?post=922"},{"taxonomy":"post_tag","embeddable":true,"href":"https:\/\/redalforja.org.gt\/mediateca\/wp-json\/wp\/v2\/tags?post=922"}],"curies":[{"name":"wp","href":"https:\/\/api.w.org\/{rel}","templated":true}]}}