{"id":912,"date":"2021-06-07T19:00:32","date_gmt":"2021-06-07T19:00:32","guid":{"rendered":"https:\/\/redalforja.org.gt\/mediateca\/?p=912"},"modified":"2022-07-27T04:03:53","modified_gmt":"2022-07-27T04:03:53","slug":"iii-encuentro-mesoamericano-de-educacion-popular-feminista","status":"publish","type":"post","link":"https:\/\/redalforja.org.gt\/mediateca\/2021\/06\/07\/iii-encuentro-mesoamericano-de-educacion-popular-feminista\/","title":{"rendered":"III Encuentro Mesoamericano de Educaci\u00f3n Popular Feminista"},"content":{"rendered":"\n<p>El Encuentro de Educaci\u00f3n Popular Feminista tuvo una larga din\u00e1mica con varios momentos para dar cuenta de la construcci\u00f3n colectiva y de la memoria acumulada por las mujeres: fue un cosechar paulatino de nuestras historias. Impuls\u00f3 el abrazo colectivo y fortaleci\u00f3 el tejer juntas usando hilos diversos: poes\u00eda, generaci\u00f3n de conceptos, m\u00fasica, m\u00edsticas, etc. Al combinar lo presencial con lo virtual, se abri\u00f3 el espacio para todas las apuestas feministas y as\u00ed reflexionar e interpelarnos desde el cari\u00f1o.<\/p>\n\n\n\n<p><a href=\"https:\/\/drive.google.com\/file\/d\/1wdq_ddt7n7leuMKvN6q862U4YF7n2Z_9\/view?usp=sharing\">Leer texto completo\u00a0<\/a><\/p>\n","protected":false},"excerpt":{"rendered":"<p>El Encuentro de Educaci\u00f3n Popular Feminista tuvo una larga din\u00e1mica con varios momentos para dar cuenta de la construcci\u00f3n colectiva y de la memoria acumulada por las mujeres: fue un&#8230; <a href=\"https:\/\/redalforja.org.gt\/mediateca\/2021\/06\/07\/iii-encuentro-mesoamericano-de-educacion-popular-feminista\/\">Leer m\u00e1s &raquo;<\/a><\/p>\n","protected":false},"author":3,"featured_media":913,"comment_status":"closed","ping_status":"closed","sticky":false,"template":"","format":"standard","meta":[],"categories":[12,26,34,18,21,25],"tags":[33,66,17,42,37],"post_mailing_queue_ids":[],"_links":{"self":[{"href":"https:\/\/redalforja.org.gt\/mediateca\/wp-json\/wp\/v2\/posts\/912"}],"collection":[{"href":"https:\/\/redalforja.org.gt\/mediateca\/wp-json\/wp\/v2\/posts"}],"about":[{"href":"https:\/\/redalforja.org.gt\/mediateca\/wp-json\/wp\/v2\/types\/post"}],"author":[{"embeddable":true,"href":"https:\/\/redalforja.org.gt\/mediateca\/wp-json\/wp\/v2\/users\/3"}],"replies":[{"embeddable":true,"href":"https:\/\/redalforja.org.gt\/mediateca\/wp-json\/wp\/v2\/comments?post=912"}],"version-history":[{"count":3,"href":"https:\/\/redalforja.org.gt\/mediateca\/wp-json\/wp\/v2\/posts\/912\/revisions"}],"predecessor-version":[{"id":1449,"href":"https:\/\/redalforja.org.gt\/mediateca\/wp-json\/wp\/v2\/posts\/912\/revisions\/1449"}],"wp:featuredmedia":[{"embeddable":true,"href":"https:\/\/redalforja.org.gt\/mediateca\/wp-json\/wp\/v2\/media\/913"}],"wp:attachment":[{"href":"https:\/\/redalforja.org.gt\/mediateca\/wp-json\/wp\/v2\/media?parent=912"}],"wp:term":[{"taxonomy":"category","embeddable":true,"href":"https:\/\/redalforja.org.gt\/mediateca\/wp-json\/wp\/v2\/categories?post=912"},{"taxonomy":"post_tag","embeddable":true,"href":"https:\/\/redalforja.org.gt\/mediateca\/wp-json\/wp\/v2\/tags?post=912"}],"curies":[{"name":"wp","href":"https:\/\/api.w.org\/{rel}","templated":true}]}}