{"id":903,"date":"2021-05-18T01:20:34","date_gmt":"2021-05-18T01:20:34","guid":{"rendered":"https:\/\/redalforja.org.gt\/mediateca\/?p=903"},"modified":"2022-07-27T04:06:38","modified_gmt":"2022-07-27T04:06:38","slug":"sistematizacion-de-experiencia-tejiendo-ideas-conocimientos-y-sabidurias-frente-al-retorno-y-reintegracion-de-ninez-y-adolescencia-migrante","status":"publish","type":"post","link":"https:\/\/redalforja.org.gt\/mediateca\/2021\/05\/18\/sistematizacion-de-experiencia-tejiendo-ideas-conocimientos-y-sabidurias-frente-al-retorno-y-reintegracion-de-ninez-y-adolescencia-migrante\/","title":{"rendered":"Sistematizaci\u00f3n de experiencia: \u201cTejiendo ideas, conocimientos y sabidur\u00edas frente al retorno y Reintegraci\u00f3n de ni\u00f1ez y adolescencia Migrante\u201d"},"content":{"rendered":"\n<p>Este documento describe el camino recorrido por la Asociaci\u00f3n Pop No\u00b4j en el acompa\u00f1amiento a Ni\u00f1ez y Adolescencia Migrante del 2,010 a febrero de 2,020, la cual fue elaborada en el marco del curso Formaci\u00f3n virtual en sistematizaci\u00f3n de experiencias 2020, facilitado por la Red Mesoamericana de Educaci\u00f3n Popular, Red Alforja<\/p>\n\n\n\n<p><a href=\"https:\/\/drive.google.com\/file\/d\/1lYUDqxhKe0qn9ZJQ0xd_tdXMmy0ET2_I\/view?usp=sharing\">Leer texto completo\u00a0<\/a><\/p>\n","protected":false},"excerpt":{"rendered":"<p>Este documento describe el camino recorrido por la Asociaci\u00f3n Pop No\u00b4j en el acompa\u00f1amiento a Ni\u00f1ez y Adolescencia Migrante del 2,010 a febrero de 2,020, la cual fue elaborada en&#8230; <a href=\"https:\/\/redalforja.org.gt\/mediateca\/2021\/05\/18\/sistematizacion-de-experiencia-tejiendo-ideas-conocimientos-y-sabidurias-frente-al-retorno-y-reintegracion-de-ninez-y-adolescencia-migrante\/\">Leer m\u00e1s &raquo;<\/a><\/p>\n","protected":false},"author":3,"featured_media":904,"comment_status":"closed","ping_status":"closed","sticky":false,"template":"","format":"standard","meta":[],"categories":[13,6,25,3],"tags":[33,70,71,72,37,69],"post_mailing_queue_ids":[],"_links":{"self":[{"href":"https:\/\/redalforja.org.gt\/mediateca\/wp-json\/wp\/v2\/posts\/903"}],"collection":[{"href":"https:\/\/redalforja.org.gt\/mediateca\/wp-json\/wp\/v2\/posts"}],"about":[{"href":"https:\/\/redalforja.org.gt\/mediateca\/wp-json\/wp\/v2\/types\/post"}],"author":[{"embeddable":true,"href":"https:\/\/redalforja.org.gt\/mediateca\/wp-json\/wp\/v2\/users\/3"}],"replies":[{"embeddable":true,"href":"https:\/\/redalforja.org.gt\/mediateca\/wp-json\/wp\/v2\/comments?post=903"}],"version-history":[{"count":3,"href":"https:\/\/redalforja.org.gt\/mediateca\/wp-json\/wp\/v2\/posts\/903\/revisions"}],"predecessor-version":[{"id":1453,"href":"https:\/\/redalforja.org.gt\/mediateca\/wp-json\/wp\/v2\/posts\/903\/revisions\/1453"}],"wp:featuredmedia":[{"embeddable":true,"href":"https:\/\/redalforja.org.gt\/mediateca\/wp-json\/wp\/v2\/media\/904"}],"wp:attachment":[{"href":"https:\/\/redalforja.org.gt\/mediateca\/wp-json\/wp\/v2\/media?parent=903"}],"wp:term":[{"taxonomy":"category","embeddable":true,"href":"https:\/\/redalforja.org.gt\/mediateca\/wp-json\/wp\/v2\/categories?post=903"},{"taxonomy":"post_tag","embeddable":true,"href":"https:\/\/redalforja.org.gt\/mediateca\/wp-json\/wp\/v2\/tags?post=903"}],"curies":[{"name":"wp","href":"https:\/\/api.w.org\/{rel}","templated":true}]}}