{"id":883,"date":"2021-04-17T04:12:37","date_gmt":"2021-04-17T04:12:37","guid":{"rendered":"https:\/\/redalforja.org.gt\/mediateca\/?p=883"},"modified":"2022-07-27T04:12:40","modified_gmt":"2022-07-27T04:12:40","slug":"reconfiguraciones-perspectivas-y-escenarios-de-las-fuerzas-populares-para-un-proyecto-politico","status":"publish","type":"post","link":"https:\/\/redalforja.org.gt\/mediateca\/2021\/04\/17\/reconfiguraciones-perspectivas-y-escenarios-de-las-fuerzas-populares-para-un-proyecto-politico\/","title":{"rendered":"Reconfiguraciones, perspectivas y escenarios de las fuerzas populares para un proyecto pol\u00edtico"},"content":{"rendered":"\n<p>reflexiones surgidas en los di\u00e1logos en rebeld\u00eda, impulsado por educadorxs populares en movimiento\/ Red Alforja, espacio de organizaciones de Am\u00e9rica Latina, que con el \u00e1nimo de fortalecer el pensamiento y la pr\u00e1ctica pol\u00edtica, articula esfuerzos, de encuentro y construcci\u00f3n colectiva de conocimientos.<\/p>\n\n\n\n<p style=\"color:#3c64b4\" class=\"has-text-color\"><a href=\"https:\/\/drive.google.com\/file\/d\/1HD1tp6exi23oDRI2jCE-6U-3JrQLwE_l\/view?usp=sharing\">Leer texto completo\u00a0<\/a><\/p>\n","protected":false},"excerpt":{"rendered":"<p>reflexiones surgidas en los di\u00e1logos en rebeld\u00eda, impulsado por educadorxs populares en movimiento\/ Red Alforja, espacio de organizaciones de Am\u00e9rica Latina, que con el \u00e1nimo de fortalecer el pensamiento y&#8230; <a href=\"https:\/\/redalforja.org.gt\/mediateca\/2021\/04\/17\/reconfiguraciones-perspectivas-y-escenarios-de-las-fuerzas-populares-para-un-proyecto-politico\/\">Leer m\u00e1s &raquo;<\/a><\/p>\n","protected":false},"author":3,"featured_media":884,"comment_status":"closed","ping_status":"closed","sticky":false,"template":"","format":"standard","meta":[],"categories":[11,6,12],"tags":[32,33],"post_mailing_queue_ids":[],"_links":{"self":[{"href":"https:\/\/redalforja.org.gt\/mediateca\/wp-json\/wp\/v2\/posts\/883"}],"collection":[{"href":"https:\/\/redalforja.org.gt\/mediateca\/wp-json\/wp\/v2\/posts"}],"about":[{"href":"https:\/\/redalforja.org.gt\/mediateca\/wp-json\/wp\/v2\/types\/post"}],"author":[{"embeddable":true,"href":"https:\/\/redalforja.org.gt\/mediateca\/wp-json\/wp\/v2\/users\/3"}],"replies":[{"embeddable":true,"href":"https:\/\/redalforja.org.gt\/mediateca\/wp-json\/wp\/v2\/comments?post=883"}],"version-history":[{"count":3,"href":"https:\/\/redalforja.org.gt\/mediateca\/wp-json\/wp\/v2\/posts\/883\/revisions"}],"predecessor-version":[{"id":1465,"href":"https:\/\/redalforja.org.gt\/mediateca\/wp-json\/wp\/v2\/posts\/883\/revisions\/1465"}],"wp:featuredmedia":[{"embeddable":true,"href":"https:\/\/redalforja.org.gt\/mediateca\/wp-json\/wp\/v2\/media\/884"}],"wp:attachment":[{"href":"https:\/\/redalforja.org.gt\/mediateca\/wp-json\/wp\/v2\/media?parent=883"}],"wp:term":[{"taxonomy":"category","embeddable":true,"href":"https:\/\/redalforja.org.gt\/mediateca\/wp-json\/wp\/v2\/categories?post=883"},{"taxonomy":"post_tag","embeddable":true,"href":"https:\/\/redalforja.org.gt\/mediateca\/wp-json\/wp\/v2\/tags?post=883"}],"curies":[{"name":"wp","href":"https:\/\/api.w.org\/{rel}","templated":true}]}}