{"id":873,"date":"2021-01-06T23:02:55","date_gmt":"2021-01-06T23:02:55","guid":{"rendered":"https:\/\/redalforja.org.gt\/mediateca\/?p=873"},"modified":"2022-07-27T04:16:21","modified_gmt":"2022-07-27T04:16:21","slug":"ii-encuentro-mesoamericano-de-educacion-popular-feminista","status":"publish","type":"post","link":"https:\/\/redalforja.org.gt\/mediateca\/2021\/01\/06\/ii-encuentro-mesoamericano-de-educacion-popular-feminista\/","title":{"rendered":"II Encuentro Mesoamericano de Educaci\u00f3n Popular Feminista"},"content":{"rendered":"\n<p>Hacemos este an\u00e1lisis de coyuntura breve, para aportar a pensar<br>colectivamente en la educaci\u00f3n popular feminista, cu\u00e1les son nuestros<br>principales desaf\u00edos, sue\u00f1os y propuestas, con los pies en la tierra, y<br>sin perder la locura jam\u00e1s. La locura que significa no rendirnos ante los<br>esfuerzos del sistema patriarcal, colonial, capitalista, que perfecciona<br>sus modos de oprimirnos como mujeres, lesbianas, travestis, trans,<br>tanto en t\u00e9rminos materiales como muy especialmente en t\u00e9rminos<br>subjetivos. La locura de seguir resistiendo y creando las bases para las<br>revoluciones feministas que necesitamos para vivir.<\/p>\n\n\n\n<p><a rel=\"noreferrer noopener\" aria-label=\"Bajar el PDF Aqu\u00ed (abre en una nueva pesta\u00f1a)\" href=\"http:\/\/redalforja.org.gt\/mediateca\/wp-content\/uploads\/2021\/01\/II%20Encuentro%20Mesoamericano%20de%20Educaci%C3%B3n%20Popular%20Feminista.pdf\" target=\"_blank\"><\/a><a href=\"https:\/\/drive.google.com\/file\/d\/1KPvfxoJXeyJ3lvxD-SB5ScCAn-QRbfVn\/view?usp=sharing\">Leer documento completo\u00a0<\/a><\/p>\n","protected":false},"excerpt":{"rendered":"<p>Hacemos este an\u00e1lisis de coyuntura breve, para aportar a pensarcolectivamente en la educaci\u00f3n popular feminista, cu\u00e1les son nuestrosprincipales desaf\u00edos, sue\u00f1os y propuestas, con los pies en la tierra, ysin perder&#8230; <a href=\"https:\/\/redalforja.org.gt\/mediateca\/2021\/01\/06\/ii-encuentro-mesoamericano-de-educacion-popular-feminista\/\">Leer m\u00e1s &raquo;<\/a><\/p>\n","protected":false},"author":3,"featured_media":874,"comment_status":"closed","ping_status":"closed","sticky":false,"template":"","format":"standard","meta":[],"categories":[6,23,12],"tags":[36,35,30,37],"post_mailing_queue_ids":[],"_links":{"self":[{"href":"https:\/\/redalforja.org.gt\/mediateca\/wp-json\/wp\/v2\/posts\/873"}],"collection":[{"href":"https:\/\/redalforja.org.gt\/mediateca\/wp-json\/wp\/v2\/posts"}],"about":[{"href":"https:\/\/redalforja.org.gt\/mediateca\/wp-json\/wp\/v2\/types\/post"}],"author":[{"embeddable":true,"href":"https:\/\/redalforja.org.gt\/mediateca\/wp-json\/wp\/v2\/users\/3"}],"replies":[{"embeddable":true,"href":"https:\/\/redalforja.org.gt\/mediateca\/wp-json\/wp\/v2\/comments?post=873"}],"version-history":[{"count":6,"href":"https:\/\/redalforja.org.gt\/mediateca\/wp-json\/wp\/v2\/posts\/873\/revisions"}],"predecessor-version":[{"id":1470,"href":"https:\/\/redalforja.org.gt\/mediateca\/wp-json\/wp\/v2\/posts\/873\/revisions\/1470"}],"wp:featuredmedia":[{"embeddable":true,"href":"https:\/\/redalforja.org.gt\/mediateca\/wp-json\/wp\/v2\/media\/874"}],"wp:attachment":[{"href":"https:\/\/redalforja.org.gt\/mediateca\/wp-json\/wp\/v2\/media?parent=873"}],"wp:term":[{"taxonomy":"category","embeddable":true,"href":"https:\/\/redalforja.org.gt\/mediateca\/wp-json\/wp\/v2\/categories?post=873"},{"taxonomy":"post_tag","embeddable":true,"href":"https:\/\/redalforja.org.gt\/mediateca\/wp-json\/wp\/v2\/tags?post=873"}],"curies":[{"name":"wp","href":"https:\/\/api.w.org\/{rel}","templated":true}]}}