{"id":851,"date":"2020-11-20T18:10:13","date_gmt":"2020-11-20T18:10:13","guid":{"rendered":"https:\/\/redalforja.org.gt\/mediateca\/?p=851"},"modified":"2022-07-27T04:17:38","modified_gmt":"2022-07-27T04:17:38","slug":"recorrido-metodologico-emm2020","status":"publish","type":"post","link":"https:\/\/redalforja.org.gt\/mediateca\/2020\/11\/20\/recorrido-metodologico-emm2020\/","title":{"rendered":"Recorrido Metodol\u00f3gico EMM2020"},"content":{"rendered":"\n<p>Les compartimos este documento que contiene el <strong>recorrido metodol\u00f3gico<\/strong> que se sigui\u00f3 en la <strong>Escuela Mesoamericana en Movimiento 2020<\/strong>, esperando que les sea de utilidad. <br>Esta producci\u00f3n es un esfuerzo colectivo de las y los participantes de la Escuela Mesoamericana en Movimiento 2020 y el Equipo de Formaci\u00f3n de la Red de Educaci\u00f3n Popular Alforja.<br><br><\/p>\n\n\n\n<p><a href=\"https:\/\/drive.google.com\/file\/d\/1ZPKXoBa4FlGYrutYe3Jua2PzU7_RK7UH\/view?usp=sharing\">Leer documento completo\u00a0<\/a><\/p>\n","protected":false},"excerpt":{"rendered":"<p>Les compartimos este documento que contiene el recorrido metodol\u00f3gico que se sigui\u00f3 en la Escuela Mesoamericana en Movimiento 2020, esperando que les sea de utilidad. Esta producci\u00f3n es un esfuerzo&#8230; <a href=\"https:\/\/redalforja.org.gt\/mediateca\/2020\/11\/20\/recorrido-metodologico-emm2020\/\">Leer m\u00e1s &raquo;<\/a><\/p>\n","protected":false},"author":3,"featured_media":855,"comment_status":"closed","ping_status":"closed","sticky":false,"template":"","format":"standard","meta":[],"categories":[13,12,25],"tags":[57,17,37],"post_mailing_queue_ids":[],"_links":{"self":[{"href":"https:\/\/redalforja.org.gt\/mediateca\/wp-json\/wp\/v2\/posts\/851"}],"collection":[{"href":"https:\/\/redalforja.org.gt\/mediateca\/wp-json\/wp\/v2\/posts"}],"about":[{"href":"https:\/\/redalforja.org.gt\/mediateca\/wp-json\/wp\/v2\/types\/post"}],"author":[{"embeddable":true,"href":"https:\/\/redalforja.org.gt\/mediateca\/wp-json\/wp\/v2\/users\/3"}],"replies":[{"embeddable":true,"href":"https:\/\/redalforja.org.gt\/mediateca\/wp-json\/wp\/v2\/comments?post=851"}],"version-history":[{"count":6,"href":"https:\/\/redalforja.org.gt\/mediateca\/wp-json\/wp\/v2\/posts\/851\/revisions"}],"predecessor-version":[{"id":1472,"href":"https:\/\/redalforja.org.gt\/mediateca\/wp-json\/wp\/v2\/posts\/851\/revisions\/1472"}],"wp:featuredmedia":[{"embeddable":true,"href":"https:\/\/redalforja.org.gt\/mediateca\/wp-json\/wp\/v2\/media\/855"}],"wp:attachment":[{"href":"https:\/\/redalforja.org.gt\/mediateca\/wp-json\/wp\/v2\/media?parent=851"}],"wp:term":[{"taxonomy":"category","embeddable":true,"href":"https:\/\/redalforja.org.gt\/mediateca\/wp-json\/wp\/v2\/categories?post=851"},{"taxonomy":"post_tag","embeddable":true,"href":"https:\/\/redalforja.org.gt\/mediateca\/wp-json\/wp\/v2\/tags?post=851"}],"curies":[{"name":"wp","href":"https:\/\/api.w.org\/{rel}","templated":true}]}}