{"id":828,"date":"2020-10-01T15:45:53","date_gmt":"2020-10-01T15:45:53","guid":{"rendered":"https:\/\/redalforja.org.gt\/mediateca\/?p=828"},"modified":"2022-07-27T04:18:58","modified_gmt":"2022-07-27T04:18:58","slug":"mafalda-historia-social-y-politica","status":"publish","type":"post","link":"https:\/\/redalforja.org.gt\/mediateca\/2020\/10\/01\/mafalda-historia-social-y-politica\/","title":{"rendered":"Mafalda: Historia social y pol\u00edtica"},"content":{"rendered":"\n<p>Isabella Cosse nos ofrece MAFALDA: HISTORIA SOCIAL Y POL\u00cdTICA, una obra que  nos presenta una investigaci\u00f3n sobre las potencialidades de estudiar el humor y de entrelazar lo pol\u00edtico y lo cotidiano.   <br>Cosse propone un recorrido por la historia de las \u00faltimas cinco d\u00e9cadas sigui\u00e9ndole la pista a Mafalda, quien se convierte en una original puerta de entrada a las conmociones sociales, pol\u00edticas y culturales de todos esos a\u00f1os. La reconstrucci\u00f3n sigue el periplo del personaje que ofreci\u00f3 una reflexi\u00f3n sobre temas tan diversos como el autoritarismo, los enfrentamientos generacionales, el feminismo, la identidad de las clases medias y los cuestionamientos al orden familiar.<br><br><\/p>\n\n\n\n<p>Leer texto completo\u00a0<\/p>\n","protected":false},"excerpt":{"rendered":"<p>Isabella Cosse nos ofrece MAFALDA: HISTORIA SOCIAL Y POL\u00cdTICA, una obra que nos presenta una investigaci\u00f3n sobre las potencialidades de estudiar el humor y de entrelazar lo pol\u00edtico y lo&#8230; <a href=\"https:\/\/redalforja.org.gt\/mediateca\/2020\/10\/01\/mafalda-historia-social-y-politica\/\">Leer m\u00e1s &raquo;<\/a><\/p>\n","protected":false},"author":3,"featured_media":829,"comment_status":"closed","ping_status":"closed","sticky":false,"template":"","format":"standard","meta":[],"categories":[64,25],"tags":[63,61,62,37],"post_mailing_queue_ids":[],"_links":{"self":[{"href":"https:\/\/redalforja.org.gt\/mediateca\/wp-json\/wp\/v2\/posts\/828"}],"collection":[{"href":"https:\/\/redalforja.org.gt\/mediateca\/wp-json\/wp\/v2\/posts"}],"about":[{"href":"https:\/\/redalforja.org.gt\/mediateca\/wp-json\/wp\/v2\/types\/post"}],"author":[{"embeddable":true,"href":"https:\/\/redalforja.org.gt\/mediateca\/wp-json\/wp\/v2\/users\/3"}],"replies":[{"embeddable":true,"href":"https:\/\/redalforja.org.gt\/mediateca\/wp-json\/wp\/v2\/comments?post=828"}],"version-history":[{"count":3,"href":"https:\/\/redalforja.org.gt\/mediateca\/wp-json\/wp\/v2\/posts\/828\/revisions"}],"predecessor-version":[{"id":1474,"href":"https:\/\/redalforja.org.gt\/mediateca\/wp-json\/wp\/v2\/posts\/828\/revisions\/1474"}],"wp:featuredmedia":[{"embeddable":true,"href":"https:\/\/redalforja.org.gt\/mediateca\/wp-json\/wp\/v2\/media\/829"}],"wp:attachment":[{"href":"https:\/\/redalforja.org.gt\/mediateca\/wp-json\/wp\/v2\/media?parent=828"}],"wp:term":[{"taxonomy":"category","embeddable":true,"href":"https:\/\/redalforja.org.gt\/mediateca\/wp-json\/wp\/v2\/categories?post=828"},{"taxonomy":"post_tag","embeddable":true,"href":"https:\/\/redalforja.org.gt\/mediateca\/wp-json\/wp\/v2\/tags?post=828"}],"curies":[{"name":"wp","href":"https:\/\/api.w.org\/{rel}","templated":true}]}}