{"id":810,"date":"2020-09-30T23:55:25","date_gmt":"2020-09-30T23:55:25","guid":{"rendered":"https:\/\/redalforja.org.gt\/mediateca\/?p=810"},"modified":"2022-07-27T04:20:12","modified_gmt":"2022-07-27T04:20:12","slug":"fallece-joaquin-salvador-lavado-quino","status":"publish","type":"post","link":"https:\/\/redalforja.org.gt\/mediateca\/2020\/09\/30\/fallece-joaquin-salvador-lavado-quino\/","title":{"rendered":"TODA MAFALDA           Joaqu\u00edn Salvador Lavado -Quino"},"content":{"rendered":"\n<p><\/p>\n\n\n\n<p><strong>Muri\u00f3 Quino, pero Mafalda ser\u00e1 inmortal<\/strong>. El dibujante argentino <strong>Joaqu\u00edn Salvador Lavado<\/strong>, quien era mundialmente conocido como Quino falleci\u00f3 este mi\u00e9rcoles a los 88 a\u00f1os en <strong>Mendoza<\/strong>, su ciudad natal, donde se hab\u00eda instalado hace tres a\u00f1os, tras la muerte de su esposa. Al quedar viudo, el humorista qued\u00f3 sumido en la misma tristeza que hoy embarga no solo a los argentinos, si no al mundo de seguidores de la historia y vida ficticia de la ni\u00f1a a la que no le gusta la sopa. Un nombre que dec\u00eda poco porque lo hac\u00eda a trav\u00e9s de sus dibujos, <br><br>Desde Alforja compartimos esta publicaci\u00f3n \u00abMafalda Completa\u00bb,&nbsp; en memoria de Quino, con las historias de Mafalda su personaje entra\u00f1able .<\/p>\n\n\n\n<p><a href=\"https:\/\/drive.google.com\/file\/d\/1vO1VNHyfGfrQlRp6tmPOltjMfFj8Iblv\/view?usp=sharing\">Leer texto completo\u00a0<\/a><\/p>\n","protected":false},"excerpt":{"rendered":"<p>Muri\u00f3 Quino, pero Mafalda ser\u00e1 inmortal. El dibujante argentino Joaqu\u00edn Salvador Lavado, quien era mundialmente conocido como Quino falleci\u00f3 este mi\u00e9rcoles a los 88 a\u00f1os en Mendoza, su ciudad natal,&#8230; <a href=\"https:\/\/redalforja.org.gt\/mediateca\/2020\/09\/30\/fallece-joaquin-salvador-lavado-quino\/\">Leer m\u00e1s &raquo;<\/a><\/p>\n","protected":false},"author":3,"featured_media":811,"comment_status":"closed","ping_status":"closed","sticky":false,"template":"","format":"standard","meta":[],"categories":[64,25],"tags":[63,61,62,37],"post_mailing_queue_ids":[],"_links":{"self":[{"href":"https:\/\/redalforja.org.gt\/mediateca\/wp-json\/wp\/v2\/posts\/810"}],"collection":[{"href":"https:\/\/redalforja.org.gt\/mediateca\/wp-json\/wp\/v2\/posts"}],"about":[{"href":"https:\/\/redalforja.org.gt\/mediateca\/wp-json\/wp\/v2\/types\/post"}],"author":[{"embeddable":true,"href":"https:\/\/redalforja.org.gt\/mediateca\/wp-json\/wp\/v2\/users\/3"}],"replies":[{"embeddable":true,"href":"https:\/\/redalforja.org.gt\/mediateca\/wp-json\/wp\/v2\/comments?post=810"}],"version-history":[{"count":5,"href":"https:\/\/redalforja.org.gt\/mediateca\/wp-json\/wp\/v2\/posts\/810\/revisions"}],"predecessor-version":[{"id":1476,"href":"https:\/\/redalforja.org.gt\/mediateca\/wp-json\/wp\/v2\/posts\/810\/revisions\/1476"}],"wp:featuredmedia":[{"embeddable":true,"href":"https:\/\/redalforja.org.gt\/mediateca\/wp-json\/wp\/v2\/media\/811"}],"wp:attachment":[{"href":"https:\/\/redalforja.org.gt\/mediateca\/wp-json\/wp\/v2\/media?parent=810"}],"wp:term":[{"taxonomy":"category","embeddable":true,"href":"https:\/\/redalforja.org.gt\/mediateca\/wp-json\/wp\/v2\/categories?post=810"},{"taxonomy":"post_tag","embeddable":true,"href":"https:\/\/redalforja.org.gt\/mediateca\/wp-json\/wp\/v2\/tags?post=810"}],"curies":[{"name":"wp","href":"https:\/\/api.w.org\/{rel}","templated":true}]}}