{"id":777,"date":"2020-06-25T20:04:23","date_gmt":"2020-06-25T20:04:23","guid":{"rendered":"https:\/\/redalforja.org.gt\/mediateca\/?p=777"},"modified":"2022-07-27T04:26:32","modified_gmt":"2022-07-27T04:26:32","slug":"venezuela-vortice-de-la-guerra-del-siglo-xxi","status":"publish","type":"post","link":"https:\/\/redalforja.org.gt\/mediateca\/2020\/06\/25\/venezuela-vortice-de-la-guerra-del-siglo-xxi\/","title":{"rendered":"Venezuela, v\u00f3rtice de la guerra del siglo XXI"},"content":{"rendered":"\n<p>La riqueza de los textos hace de este libro una herramienta contra la desinformaci\u00f3n global imperante para todos los que queremos acompa\u00f1ar a ese pueblo que, con sus aciertos y errores, quiso recuperar su soberan\u00eda, buscar la justicia social y ayudar a construir una integraci\u00f3n regional diferente a la desintegraci\u00f3n neoliberal.<\/p>\n\n\n\n<p><a href=\"https:\/\/drive.google.com\/file\/d\/1J8NChfrZIFE8wMgoeJr4cDSqjSeh-axJ\/view?usp=sharing2\">Leer documento completo\u00a0<\/a><\/p>\n","protected":false},"excerpt":{"rendered":"<p>La riqueza de los textos hace de este libro una herramienta contra la desinformaci\u00f3n global imperante para todos los que queremos acompa\u00f1ar a ese pueblo que, con sus aciertos y&#8230; <a href=\"https:\/\/redalforja.org.gt\/mediateca\/2020\/06\/25\/venezuela-vortice-de-la-guerra-del-siglo-xxi\/\">Leer m\u00e1s &raquo;<\/a><\/p>\n","protected":false},"author":3,"featured_media":778,"comment_status":"closed","ping_status":"closed","sticky":false,"template":"","format":"standard","meta":[],"categories":[11,15],"tags":[45,49,48],"post_mailing_queue_ids":[],"_links":{"self":[{"href":"https:\/\/redalforja.org.gt\/mediateca\/wp-json\/wp\/v2\/posts\/777"}],"collection":[{"href":"https:\/\/redalforja.org.gt\/mediateca\/wp-json\/wp\/v2\/posts"}],"about":[{"href":"https:\/\/redalforja.org.gt\/mediateca\/wp-json\/wp\/v2\/types\/post"}],"author":[{"embeddable":true,"href":"https:\/\/redalforja.org.gt\/mediateca\/wp-json\/wp\/v2\/users\/3"}],"replies":[{"embeddable":true,"href":"https:\/\/redalforja.org.gt\/mediateca\/wp-json\/wp\/v2\/comments?post=777"}],"version-history":[{"count":3,"href":"https:\/\/redalforja.org.gt\/mediateca\/wp-json\/wp\/v2\/posts\/777\/revisions"}],"predecessor-version":[{"id":1488,"href":"https:\/\/redalforja.org.gt\/mediateca\/wp-json\/wp\/v2\/posts\/777\/revisions\/1488"}],"wp:featuredmedia":[{"embeddable":true,"href":"https:\/\/redalforja.org.gt\/mediateca\/wp-json\/wp\/v2\/media\/778"}],"wp:attachment":[{"href":"https:\/\/redalforja.org.gt\/mediateca\/wp-json\/wp\/v2\/media?parent=777"}],"wp:term":[{"taxonomy":"category","embeddable":true,"href":"https:\/\/redalforja.org.gt\/mediateca\/wp-json\/wp\/v2\/categories?post=777"},{"taxonomy":"post_tag","embeddable":true,"href":"https:\/\/redalforja.org.gt\/mediateca\/wp-json\/wp\/v2\/tags?post=777"}],"curies":[{"name":"wp","href":"https:\/\/api.w.org\/{rel}","templated":true}]}}