{"id":765,"date":"2020-06-16T17:03:14","date_gmt":"2020-06-16T17:03:14","guid":{"rendered":"https:\/\/redalforja.org.gt\/mediateca\/?p=765"},"modified":"2022-07-27T04:29:31","modified_gmt":"2022-07-27T04:29:31","slug":"dialogo-en-rebeldia-organizacion-y-luchas-de-las-mujeres-en-la-defensa-de-nuestros-cuerpos-y-territorios-en-america-latina-memoria","status":"publish","type":"post","link":"https:\/\/redalforja.org.gt\/mediateca\/2020\/06\/16\/dialogo-en-rebeldia-organizacion-y-luchas-de-las-mujeres-en-la-defensa-de-nuestros-cuerpos-y-territorios-en-america-latina-memoria\/","title":{"rendered":"Di\u00e1logo en Rebeld\u00eda: Organizaci\u00f3n y luchas de las mujeres, en la defensa de nuestros cuerpos y territorios en Am\u00e9rica Latina (Memoria)"},"content":{"rendered":"\n<p style=\"color:#000000;font-size:17px\" class=\"has-text-color\">hoy m\u00e1s que nunca ser\u00e1 rebelde estar juntas y juntos dialogando y compartiendo, seguir buscando formas para seguir construyendo de manera colectiva otras formas de seguirnos y sentirnos acompa\u00f1adas y acompa\u00f1ados en esta lucha com\u00fan que nos une, esta lucha anticapitalista, anticolonialista y antipatriarcal.<br><br>De esta manera romper las fronteras y sentir el acuerpamiento desde otras partes, abrazarnos a distancia y seguirnos reflexionando y escuchando.<\/p>\n\n\n\n<p style=\"color:#28378c\" class=\"has-text-color\"><a href=\"https:\/\/drive.google.com\/file\/d\/1JD1KChL3kYacbmxoBDcKM5nI51ORsXhq\/view?usp=sharing\" target=\"_blank\" rel=\"noreferrer noopener\" aria-label=\"Descargar la Memoria en PDF\n\n\n (abre en una nueva pesta\u00f1a)\">Descargar la Memoria en PDF<\/a><a rel=\"noreferrer noopener\" aria-label=\"Descargar la Memoria en PDF\n\n\n (abre en una nueva pesta\u00f1a)\" href=\"https:\/\/redalforja.org.gt\/mediateca\/wp-content\/uploads\/2020\/06\/MEMORIA DIALOGO EN REBELDI\u0301A MARZO 2020.pdf\" target=\"_blank\"><br><br><br><\/a><\/p>\n","protected":false},"excerpt":{"rendered":"<p>hoy m\u00e1s que nunca ser\u00e1 rebelde estar juntas y juntos dialogando y compartiendo, seguir buscando formas para seguir construyendo de manera colectiva otras formas de seguirnos y sentirnos acompa\u00f1adas y&#8230; <a href=\"https:\/\/redalforja.org.gt\/mediateca\/2020\/06\/16\/dialogo-en-rebeldia-organizacion-y-luchas-de-las-mujeres-en-la-defensa-de-nuestros-cuerpos-y-territorios-en-america-latina-memoria\/\">Leer m\u00e1s &raquo;<\/a><\/p>\n","protected":false},"author":3,"featured_media":766,"comment_status":"closed","ping_status":"closed","sticky":false,"template":"","format":"standard","meta":[],"categories":[11,7,23,12,34,21],"tags":[43,44,35,30,42],"post_mailing_queue_ids":[],"_links":{"self":[{"href":"https:\/\/redalforja.org.gt\/mediateca\/wp-json\/wp\/v2\/posts\/765"}],"collection":[{"href":"https:\/\/redalforja.org.gt\/mediateca\/wp-json\/wp\/v2\/posts"}],"about":[{"href":"https:\/\/redalforja.org.gt\/mediateca\/wp-json\/wp\/v2\/types\/post"}],"author":[{"embeddable":true,"href":"https:\/\/redalforja.org.gt\/mediateca\/wp-json\/wp\/v2\/users\/3"}],"replies":[{"embeddable":true,"href":"https:\/\/redalforja.org.gt\/mediateca\/wp-json\/wp\/v2\/comments?post=765"}],"version-history":[{"count":3,"href":"https:\/\/redalforja.org.gt\/mediateca\/wp-json\/wp\/v2\/posts\/765\/revisions"}],"predecessor-version":[{"id":1494,"href":"https:\/\/redalforja.org.gt\/mediateca\/wp-json\/wp\/v2\/posts\/765\/revisions\/1494"}],"wp:featuredmedia":[{"embeddable":true,"href":"https:\/\/redalforja.org.gt\/mediateca\/wp-json\/wp\/v2\/media\/766"}],"wp:attachment":[{"href":"https:\/\/redalforja.org.gt\/mediateca\/wp-json\/wp\/v2\/media?parent=765"}],"wp:term":[{"taxonomy":"category","embeddable":true,"href":"https:\/\/redalforja.org.gt\/mediateca\/wp-json\/wp\/v2\/categories?post=765"},{"taxonomy":"post_tag","embeddable":true,"href":"https:\/\/redalforja.org.gt\/mediateca\/wp-json\/wp\/v2\/tags?post=765"}],"curies":[{"name":"wp","href":"https:\/\/api.w.org\/{rel}","templated":true}]}}