{"id":699,"date":"2020-03-18T23:56:22","date_gmt":"2020-03-18T23:56:22","guid":{"rendered":"https:\/\/redalforja.org.gt\/mediateca\/?p=699"},"modified":"2022-07-27T04:47:21","modified_gmt":"2022-07-27T04:47:21","slug":"horizontes-politicos-desde-nuestra-america","status":"publish","type":"post","link":"https:\/\/redalforja.org.gt\/mediateca\/2020\/03\/18\/horizontes-politicos-desde-nuestra-america\/","title":{"rendered":"Horizontes pol\u00edticos desde nuestra Am\u00e9rica"},"content":{"rendered":"\n<p>Este libro es un un ensayo coral complejo  y  amplio  que  surgi\u00f3  de  una  convocatoria abierta  lanzada  por  lxs  editorxs  a  diversos  movimientos, organizaciones y colectivxs desparramados por la geograf\u00eda de Am\u00e9rica Latina, para presentarse a s\u00ed mismos y ensayar un ejercicio de reconocimiento rec\u00edproco. Para ello, los editores fraguaron las siguientes preguntas para expresar el deseo que animaba su convocatoria:<\/p>\n\n\n\n<ol><li>Conocer cu\u00e1l es el sentido profundo de nuestras luchas \u00bfcu\u00e1l es su inspiraci\u00f3n y cu\u00e1les sus horizontes?<\/li><li>Poner  en  discusi\u00f3n  los  proyectos  pol\u00edticos  a  los  que apostamos  como  posibilidad  de  hacer  frente,  ahora mismo o en el futuro, al modelo de desarrollo capitalista-colonial-patriarcal   \u00bfcu\u00e1les   son?,   \u00bfd\u00f3nde   est\u00e1n   sus fortalezas y sus retos?<\/li><li>Reflexionar   cr\u00edticamente   c\u00f3mo   nuestras   pr\u00e1cticas pol\u00edticas  abonan  o  no  a  la  consolidaci\u00f3n  de  dichos proyectos.   Pensando   desde   la   triada   capitalismo-colonialismo-patriarcado      \u00bfcu\u00e1les      ser\u00edan      nuestras contradicciones o nudos internos?, \u00bfc\u00f3mo hemos podido seguir luchando pese a esas contradicciones o nudos?<\/li><\/ol>\n\n\n\n<p>Un ejercicio  pues,  creativo,  interesante  y  audaz.<\/p>\n\n\n\n<p style=\"color:#1b45dd;font-size:15px\" class=\"has-text-color\"><a href=\"https:\/\/drive.google.com\/file\/d\/1_YsRC5iJB71eG7rA3geiUVClDPF8cEsj\/view?usp=sharing\" target=\"_blank\" rel=\"noreferrer noopener\" aria-label=\"bajar el pdf (abre en una nueva pesta\u00f1a)\">bajar el pdf<\/a><\/p>\n","protected":false},"excerpt":{"rendered":"<p>Este libro es un un ensayo coral complejo y amplio que surgi\u00f3 de una convocatoria abierta lanzada por lxs editorxs a diversos movimientos, organizaciones y colectivxs desparramados por la geograf\u00eda&#8230; <a href=\"https:\/\/redalforja.org.gt\/mediateca\/2020\/03\/18\/horizontes-politicos-desde-nuestra-america\/\">Leer m\u00e1s &raquo;<\/a><\/p>\n","protected":false},"author":3,"featured_media":702,"comment_status":"closed","ping_status":"closed","sticky":false,"template":"","format":"standard","meta":[],"categories":[11,13],"tags":[],"post_mailing_queue_ids":[],"_links":{"self":[{"href":"https:\/\/redalforja.org.gt\/mediateca\/wp-json\/wp\/v2\/posts\/699"}],"collection":[{"href":"https:\/\/redalforja.org.gt\/mediateca\/wp-json\/wp\/v2\/posts"}],"about":[{"href":"https:\/\/redalforja.org.gt\/mediateca\/wp-json\/wp\/v2\/types\/post"}],"author":[{"embeddable":true,"href":"https:\/\/redalforja.org.gt\/mediateca\/wp-json\/wp\/v2\/users\/3"}],"replies":[{"embeddable":true,"href":"https:\/\/redalforja.org.gt\/mediateca\/wp-json\/wp\/v2\/comments?post=699"}],"version-history":[{"count":6,"href":"https:\/\/redalforja.org.gt\/mediateca\/wp-json\/wp\/v2\/posts\/699\/revisions"}],"predecessor-version":[{"id":1497,"href":"https:\/\/redalforja.org.gt\/mediateca\/wp-json\/wp\/v2\/posts\/699\/revisions\/1497"}],"wp:featuredmedia":[{"embeddable":true,"href":"https:\/\/redalforja.org.gt\/mediateca\/wp-json\/wp\/v2\/media\/702"}],"wp:attachment":[{"href":"https:\/\/redalforja.org.gt\/mediateca\/wp-json\/wp\/v2\/media?parent=699"}],"wp:term":[{"taxonomy":"category","embeddable":true,"href":"https:\/\/redalforja.org.gt\/mediateca\/wp-json\/wp\/v2\/categories?post=699"},{"taxonomy":"post_tag","embeddable":true,"href":"https:\/\/redalforja.org.gt\/mediateca\/wp-json\/wp\/v2\/tags?post=699"}],"curies":[{"name":"wp","href":"https:\/\/api.w.org\/{rel}","templated":true}]}}