{"id":684,"date":"2019-12-03T00:59:02","date_gmt":"2019-12-03T00:59:02","guid":{"rendered":"https:\/\/redalforja.org.gt\/mediateca\/?p=684"},"modified":"2019-12-03T01:08:49","modified_gmt":"2019-12-03T01:08:49","slug":"para-que-no-nos-falle-la-memoria","status":"publish","type":"post","link":"https:\/\/redalforja.org.gt\/mediateca\/2019\/12\/03\/para-que-no-nos-falle-la-memoria\/","title":{"rendered":"PARA QUE NO NOS FALLE LA MEMORIA"},"content":{"rendered":"\n<p>Para  que  no  nos  falle  la  memoria, es una publicaci\u00f3n que ofrece orientaciones  para  la  elaboraci\u00f3n  de memorias  de  nuestras  escuelas  de formaci\u00f3n. Es  una  producci\u00f3n  de  la  Red Mesoamericana de Educaci\u00f3n Popular \u2013 Red Alforja. 2019.<\/p>\n\n\n\n<p>Esperamos les sea de utilidad.<\/p>\n\n\n\n<p style=\"color:#2642be\" class=\"has-text-color\"><strong><a href=\"https:\/\/redalforja.org.gt\/mediateca\/wp-content\/uploads\/2019\/12\/Para que no nos falle la memoria.Alforja.pdf\" target=\"_blank\" rel=\"noreferrer noopener\" aria-label=\"Bajar el PDF Aqu\u00ed (abre en una nueva pesta\u00f1a)\">Bajar el PDF Aqu\u00ed<\/a><\/strong><\/p>\n","protected":false},"excerpt":{"rendered":"<p>Para que no nos falle la memoria, es una publicaci\u00f3n que ofrece orientaciones para la elaboraci\u00f3n de memorias de nuestras escuelas de formaci\u00f3n. Es una producci\u00f3n de la Red Mesoamericana&#8230; <a href=\"https:\/\/redalforja.org.gt\/mediateca\/2019\/12\/03\/para-que-no-nos-falle-la-memoria\/\">Leer m\u00e1s &raquo;<\/a><\/p>\n","protected":false},"author":3,"featured_media":685,"comment_status":"closed","ping_status":"closed","sticky":false,"template":"","format":"standard","meta":[],"categories":[1],"tags":[],"post_mailing_queue_ids":[],"_links":{"self":[{"href":"https:\/\/redalforja.org.gt\/mediateca\/wp-json\/wp\/v2\/posts\/684"}],"collection":[{"href":"https:\/\/redalforja.org.gt\/mediateca\/wp-json\/wp\/v2\/posts"}],"about":[{"href":"https:\/\/redalforja.org.gt\/mediateca\/wp-json\/wp\/v2\/types\/post"}],"author":[{"embeddable":true,"href":"https:\/\/redalforja.org.gt\/mediateca\/wp-json\/wp\/v2\/users\/3"}],"replies":[{"embeddable":true,"href":"https:\/\/redalforja.org.gt\/mediateca\/wp-json\/wp\/v2\/comments?post=684"}],"version-history":[{"count":4,"href":"https:\/\/redalforja.org.gt\/mediateca\/wp-json\/wp\/v2\/posts\/684\/revisions"}],"predecessor-version":[{"id":689,"href":"https:\/\/redalforja.org.gt\/mediateca\/wp-json\/wp\/v2\/posts\/684\/revisions\/689"}],"wp:featuredmedia":[{"embeddable":true,"href":"https:\/\/redalforja.org.gt\/mediateca\/wp-json\/wp\/v2\/media\/685"}],"wp:attachment":[{"href":"https:\/\/redalforja.org.gt\/mediateca\/wp-json\/wp\/v2\/media?parent=684"}],"wp:term":[{"taxonomy":"category","embeddable":true,"href":"https:\/\/redalforja.org.gt\/mediateca\/wp-json\/wp\/v2\/categories?post=684"},{"taxonomy":"post_tag","embeddable":true,"href":"https:\/\/redalforja.org.gt\/mediateca\/wp-json\/wp\/v2\/tags?post=684"}],"curies":[{"name":"wp","href":"https:\/\/api.w.org\/{rel}","templated":true}]}}