{"id":667,"date":"2019-07-24T00:38:57","date_gmt":"2019-07-24T00:38:57","guid":{"rendered":"https:\/\/redalforja.org.gt\/mediateca\/?p=667"},"modified":"2022-07-27T04:50:26","modified_gmt":"2022-07-27T04:50:26","slug":"memoria-de-la-escuela-mesoamericana-en-movimiento-2019-modulo-1","status":"publish","type":"post","link":"https:\/\/redalforja.org.gt\/mediateca\/2019\/07\/24\/memoria-de-la-escuela-mesoamericana-en-movimiento-2019-modulo-1\/","title":{"rendered":"Memoria de la Escuela Mesoamericana en Movimiento 2019 M\u00f3dulo 1"},"content":{"rendered":"\n<p style=\"text-align:center\"><strong>M\u00d3DULO 1<br>LOS MOVIMIENTOS SOCIALES Y LA CORRELACI\u00d3N DE<br>FUERZAS EN LA DEFENSA DE LOS TERRITORIOS<\/strong><\/p>\n\n\n\n<p>Con gusto les compartimos la memoria del primer m\u00f3dulo de la Escuela Mesoamericana en Movimiento 2019 que se llev\u00f3 a cabo del 26 al 31 de mayo,  en  el  municipio  de  Santiago  Sacatep\u00e9quez, Guatemala<br><\/p>\n\n\n\n<p>La  escuela  Mesoamericana  en  Movimiento  2019  cuenta  con  la  participaci\u00f3n  de  M\u00e9xico, Guatemala, El Salvador, Honduras, Nicaragua, Costa Rica, Panam\u00e1, Chile y Estados Unidos. Con la representatividad de diversas organizaciones y movimientos sociales que comparten luchas a nivel regional. En este primer encuentro, nos acompa\u00f1aron experiencias de Cuba y Costa  Rica,  en  un  intercambio  de  experiencias,  para  conocer  los  procesos  de  formaci\u00f3n  y comunicaci\u00f3n que se impulsan desde la Red Alforja.<\/p>\n\n\n\n<p>Este  espacio  busca  el  fortalecimiento  de  actores  clave,  a  trav\u00e9s  de  la  construcci\u00f3n  de  una visi\u00f3n   de   contexto   mesoamericano,   desde   la   dimensi\u00f3n   geopol\u00edtica   de   la   regi\u00f3n, profundizando en la lectura estructural de la sociedad. De igual forma analizar y reflexionar sobre  las  fuerzas  de  los  movimientos  sociales  a  partir  de  sus  estrategias  y  hacia  una estrategia de poder para un proyecto pol\u00edtico.<\/p>\n\n\n\n<p style=\"color:#052161\" class=\"has-text-color\"><a href=\"https:\/\/drive.google.com\/file\/d\/1wsDRjBGWfilBTqcB0JjguLKclz6xMDT5\/view?usp=sharing\" target=\"_blank\" rel=\"noreferrer noopener\" aria-label=\"Bajar el PDF aqu\u00ed (abre en una nueva pesta\u00f1a)\">Bajar el PDF aqu\u00ed<\/a><\/p>\n","protected":false},"excerpt":{"rendered":"<p>M\u00d3DULO 1LOS MOVIMIENTOS SOCIALES Y LA CORRELACI\u00d3N DEFUERZAS EN LA DEFENSA DE LOS TERRITORIOS Con gusto les compartimos la memoria del primer m\u00f3dulo de la Escuela Mesoamericana en Movimiento 2019&#8230; <a href=\"https:\/\/redalforja.org.gt\/mediateca\/2019\/07\/24\/memoria-de-la-escuela-mesoamericana-en-movimiento-2019-modulo-1\/\">Leer m\u00e1s &raquo;<\/a><\/p>\n","protected":false},"author":3,"featured_media":668,"comment_status":"closed","ping_status":"closed","sticky":false,"template":"","format":"standard","meta":[],"categories":[13,4,7,6,12,18],"tags":[32,33,31,30],"post_mailing_queue_ids":[],"_links":{"self":[{"href":"https:\/\/redalforja.org.gt\/mediateca\/wp-json\/wp\/v2\/posts\/667"}],"collection":[{"href":"https:\/\/redalforja.org.gt\/mediateca\/wp-json\/wp\/v2\/posts"}],"about":[{"href":"https:\/\/redalforja.org.gt\/mediateca\/wp-json\/wp\/v2\/types\/post"}],"author":[{"embeddable":true,"href":"https:\/\/redalforja.org.gt\/mediateca\/wp-json\/wp\/v2\/users\/3"}],"replies":[{"embeddable":true,"href":"https:\/\/redalforja.org.gt\/mediateca\/wp-json\/wp\/v2\/comments?post=667"}],"version-history":[{"count":3,"href":"https:\/\/redalforja.org.gt\/mediateca\/wp-json\/wp\/v2\/posts\/667\/revisions"}],"predecessor-version":[{"id":1501,"href":"https:\/\/redalforja.org.gt\/mediateca\/wp-json\/wp\/v2\/posts\/667\/revisions\/1501"}],"wp:featuredmedia":[{"embeddable":true,"href":"https:\/\/redalforja.org.gt\/mediateca\/wp-json\/wp\/v2\/media\/668"}],"wp:attachment":[{"href":"https:\/\/redalforja.org.gt\/mediateca\/wp-json\/wp\/v2\/media?parent=667"}],"wp:term":[{"taxonomy":"category","embeddable":true,"href":"https:\/\/redalforja.org.gt\/mediateca\/wp-json\/wp\/v2\/categories?post=667"},{"taxonomy":"post_tag","embeddable":true,"href":"https:\/\/redalforja.org.gt\/mediateca\/wp-json\/wp\/v2\/tags?post=667"}],"curies":[{"name":"wp","href":"https:\/\/api.w.org\/{rel}","templated":true}]}}