{"id":592,"date":"2019-02-10T05:21:03","date_gmt":"2019-02-10T05:21:03","guid":{"rendered":"https:\/\/redalforja.org.gt\/mediateca\/?p=592"},"modified":"2022-07-27T04:51:15","modified_gmt":"2022-07-27T04:51:15","slug":"centroamerica-imperialismo-y-grupos-de-poder","status":"publish","type":"post","link":"https:\/\/redalforja.org.gt\/mediateca\/2019\/02\/10\/centroamerica-imperialismo-y-grupos-de-poder\/","title":{"rendered":"Centroam\u00e9rica: Imperialismo y grupos de poder"},"content":{"rendered":"\n<p>Desde su origen, Centroam\u00e9rica nace incorporado al capitalismo mundial; si bien se van consolidando fuertes grupos de poder econ\u00f3mico en la regi\u00f3n, estos han estado subordinados a los intereses del capital transnacional.<\/p>\n\n\n\n<p><br>En este texto se pretende abordar los grupos de poder desde una perspectiva hist\u00f3rica, tomando como escenario algunos de los principales momentos en la historia de la integraci\u00f3n de la regi\u00f3n a la econom\u00eda internacional; para luego establecer algunas pautas del periodo actual.<\/p>\n\n\n\n<p><a href=\"https:\/\/drive.google.com\/file\/d\/1Ixo_b3m25gUvwmo4HIhK3UKcrxdbsa_4\/view?usp=sharing\">Puede descargar aqu\u00ed el documento<\/a><\/p>\n","protected":false},"excerpt":{"rendered":"<p>Desde su origen, Centroam\u00e9rica nace incorporado al capitalismo mundial; si bien se van consolidando fuertes grupos de poder econ\u00f3mico en la regi\u00f3n, estos han estado subordinados a los intereses del&#8230; <a href=\"https:\/\/redalforja.org.gt\/mediateca\/2019\/02\/10\/centroamerica-imperialismo-y-grupos-de-poder\/\">Leer m\u00e1s &raquo;<\/a><\/p>\n","protected":false},"author":3,"featured_media":593,"comment_status":"closed","ping_status":"closed","sticky":false,"template":"","format":"standard","meta":[],"categories":[15],"tags":[],"post_mailing_queue_ids":[],"_links":{"self":[{"href":"https:\/\/redalforja.org.gt\/mediateca\/wp-json\/wp\/v2\/posts\/592"}],"collection":[{"href":"https:\/\/redalforja.org.gt\/mediateca\/wp-json\/wp\/v2\/posts"}],"about":[{"href":"https:\/\/redalforja.org.gt\/mediateca\/wp-json\/wp\/v2\/types\/post"}],"author":[{"embeddable":true,"href":"https:\/\/redalforja.org.gt\/mediateca\/wp-json\/wp\/v2\/users\/3"}],"replies":[{"embeddable":true,"href":"https:\/\/redalforja.org.gt\/mediateca\/wp-json\/wp\/v2\/comments?post=592"}],"version-history":[{"count":2,"href":"https:\/\/redalforja.org.gt\/mediateca\/wp-json\/wp\/v2\/posts\/592\/revisions"}],"predecessor-version":[{"id":1502,"href":"https:\/\/redalforja.org.gt\/mediateca\/wp-json\/wp\/v2\/posts\/592\/revisions\/1502"}],"wp:featuredmedia":[{"embeddable":true,"href":"https:\/\/redalforja.org.gt\/mediateca\/wp-json\/wp\/v2\/media\/593"}],"wp:attachment":[{"href":"https:\/\/redalforja.org.gt\/mediateca\/wp-json\/wp\/v2\/media?parent=592"}],"wp:term":[{"taxonomy":"category","embeddable":true,"href":"https:\/\/redalforja.org.gt\/mediateca\/wp-json\/wp\/v2\/categories?post=592"},{"taxonomy":"post_tag","embeddable":true,"href":"https:\/\/redalforja.org.gt\/mediateca\/wp-json\/wp\/v2\/tags?post=592"}],"curies":[{"name":"wp","href":"https:\/\/api.w.org\/{rel}","templated":true}]}}