{"id":587,"date":"2019-02-10T05:04:55","date_gmt":"2019-02-10T05:04:55","guid":{"rendered":"https:\/\/redalforja.org.gt\/mediateca\/?p=587"},"modified":"2022-07-27T04:52:01","modified_gmt":"2022-07-27T04:52:01","slug":"encuentro-de-educadores-y-educadoras-populares-mesoamericanos-as-2008","status":"publish","type":"post","link":"https:\/\/redalforja.org.gt\/mediateca\/2019\/02\/10\/encuentro-de-educadores-y-educadoras-populares-mesoamericanos-as-2008\/","title":{"rendered":"ENCUENTRO DE EDUCADORES Y EDUCADORAS POPULARES MESOAMERICANOS\/AS &#8211; 2008"},"content":{"rendered":"\n<p>La apuesta es que los productos de nuestras reflexiones abonen nuestras pr\u00e1cticas en un territorio concreto, con sujetos concretos, que estos actores se conviertan en actores liberadores. Es necesario hacer conectes y nexos alrededor de ciertas acciones, sin necesidad de homogenizar. El reto de la formaci\u00f3n de una conciencia cr\u00edtica, de la capacidad de hacer cosas diferentes, nos reta a conectarnos de otra manera. <\/p>\n\n\n\n<p>En esa formaci\u00f3n es importante aprender a conectar los diferentes temas, para construir articulaciones de los temas, para que esto se transforme en conocimientos colectivos m\u00e1s cualificados. Otro reto de la formaci\u00f3n pol\u00edtica, es construir coherencias entre la \u00e9tica y la est\u00e9tica, entre contenidos y formas. Nos reta a asumir actitudes de escucha, de no descalificarnos, emprender o seguir en este camino de de- y re- construirnos, es necesario cambiar lo viejo, pero lo nuevo surge de lo viejo y en lo nuevo siempre hay algo de viejo.<\/p>\n\n\n\n<p><a href=\"https:\/\/drive.google.com\/file\/d\/1tB1bZIxXDIj51iloNorGOGeFPzLIbtYb\/view?usp=sharing\">Pueden descargar el documento aqu\u00ed<\/a><\/p>\n","protected":false},"excerpt":{"rendered":"<p>La apuesta es que los productos de nuestras reflexiones abonen nuestras pr\u00e1cticas en un territorio concreto, con sujetos concretos, que estos actores se conviertan en actores liberadores. Es necesario hacer&#8230; <a href=\"https:\/\/redalforja.org.gt\/mediateca\/2019\/02\/10\/encuentro-de-educadores-y-educadoras-populares-mesoamericanos-as-2008\/\">Leer m\u00e1s &raquo;<\/a><\/p>\n","protected":false},"author":3,"featured_media":588,"comment_status":"closed","ping_status":"closed","sticky":false,"template":"","format":"standard","meta":[],"categories":[6],"tags":[],"post_mailing_queue_ids":[],"_links":{"self":[{"href":"https:\/\/redalforja.org.gt\/mediateca\/wp-json\/wp\/v2\/posts\/587"}],"collection":[{"href":"https:\/\/redalforja.org.gt\/mediateca\/wp-json\/wp\/v2\/posts"}],"about":[{"href":"https:\/\/redalforja.org.gt\/mediateca\/wp-json\/wp\/v2\/types\/post"}],"author":[{"embeddable":true,"href":"https:\/\/redalforja.org.gt\/mediateca\/wp-json\/wp\/v2\/users\/3"}],"replies":[{"embeddable":true,"href":"https:\/\/redalforja.org.gt\/mediateca\/wp-json\/wp\/v2\/comments?post=587"}],"version-history":[{"count":2,"href":"https:\/\/redalforja.org.gt\/mediateca\/wp-json\/wp\/v2\/posts\/587\/revisions"}],"predecessor-version":[{"id":1503,"href":"https:\/\/redalforja.org.gt\/mediateca\/wp-json\/wp\/v2\/posts\/587\/revisions\/1503"}],"wp:featuredmedia":[{"embeddable":true,"href":"https:\/\/redalforja.org.gt\/mediateca\/wp-json\/wp\/v2\/media\/588"}],"wp:attachment":[{"href":"https:\/\/redalforja.org.gt\/mediateca\/wp-json\/wp\/v2\/media?parent=587"}],"wp:term":[{"taxonomy":"category","embeddable":true,"href":"https:\/\/redalforja.org.gt\/mediateca\/wp-json\/wp\/v2\/categories?post=587"},{"taxonomy":"post_tag","embeddable":true,"href":"https:\/\/redalforja.org.gt\/mediateca\/wp-json\/wp\/v2\/tags?post=587"}],"curies":[{"name":"wp","href":"https:\/\/api.w.org\/{rel}","templated":true}]}}