{"id":583,"date":"2019-02-10T04:56:07","date_gmt":"2019-02-10T04:56:07","guid":{"rendered":"https:\/\/redalforja.org.gt\/mediateca\/?p=583"},"modified":"2022-07-27T04:54:30","modified_gmt":"2022-07-27T04:54:30","slug":"hacia-una-metodologia-de-analisis-colectivo-y-sistematico-de-las-correlaciones-de-fuerzas","status":"publish","type":"post","link":"https:\/\/redalforja.org.gt\/mediateca\/2019\/02\/10\/hacia-una-metodologia-de-analisis-colectivo-y-sistematico-de-las-correlaciones-de-fuerzas\/","title":{"rendered":"HACIA UNA METODOLOG\u00cdA DE AN\u00c1LISIS COLECTIVO Y SISTEM\u00c1TICO DE LAS CORRELACIONES DE FUERZAS"},"content":{"rendered":"\n<p>El an\u00e1lisis de la correlaci\u00f3n de fuerzas es la evaluaci\u00f3n del conjunto de relaciones de poder que se constituyen en una coyuntura en torno a un conflicto de intereses.<br>Los movimientos populares que pretendemos transformar la realidad, enfrentando las distintas formas de explotaci\u00f3n y las diversas dominaciones (imperialista, capitalista, colonial, patriarcal), desarrollamos nuestra estrategia y t\u00e1cticas en momentos y lugares concretos de la historia en los que las relaciones de fuerzas existentes favorecen o dificultan la realizaci\u00f3n de estos proyectos y el logro de reivindicaciones fundamentales.<br>Saber a qui\u00e9nes nos enfrentamos, cu\u00e1les son sus fuerzas, cu\u00e1l es su disposici\u00f3n a la lucha, y con qui\u00e9nes podemos unirnos, cu\u00e1les son nuestras energ\u00edas, nuestras voluntades, es esencial para decidir c\u00f3mo encaminar nuestras acciones.<\/p>\n\n\n\n<p><a href=\"https:\/\/drive.google.com\/file\/d\/1tdkYAqjnA2O5oqqoahF4HqfYsrIFlHfD\/view?usp=sharing\">Puede descargar el documento aqu\u00ed.<\/a><\/p>\n","protected":false},"excerpt":{"rendered":"<p>El an\u00e1lisis de la correlaci\u00f3n de fuerzas es la evaluaci\u00f3n del conjunto de relaciones de poder que se constituyen en una coyuntura en torno a un conflicto de intereses.Los movimientos&#8230; <a href=\"https:\/\/redalforja.org.gt\/mediateca\/2019\/02\/10\/hacia-una-metodologia-de-analisis-colectivo-y-sistematico-de-las-correlaciones-de-fuerzas\/\">Leer m\u00e1s &raquo;<\/a><\/p>\n","protected":false},"author":3,"featured_media":584,"comment_status":"closed","ping_status":"closed","sticky":false,"template":"","format":"standard","meta":[],"categories":[11],"tags":[],"post_mailing_queue_ids":[],"_links":{"self":[{"href":"https:\/\/redalforja.org.gt\/mediateca\/wp-json\/wp\/v2\/posts\/583"}],"collection":[{"href":"https:\/\/redalforja.org.gt\/mediateca\/wp-json\/wp\/v2\/posts"}],"about":[{"href":"https:\/\/redalforja.org.gt\/mediateca\/wp-json\/wp\/v2\/types\/post"}],"author":[{"embeddable":true,"href":"https:\/\/redalforja.org.gt\/mediateca\/wp-json\/wp\/v2\/users\/3"}],"replies":[{"embeddable":true,"href":"https:\/\/redalforja.org.gt\/mediateca\/wp-json\/wp\/v2\/comments?post=583"}],"version-history":[{"count":2,"href":"https:\/\/redalforja.org.gt\/mediateca\/wp-json\/wp\/v2\/posts\/583\/revisions"}],"predecessor-version":[{"id":1504,"href":"https:\/\/redalforja.org.gt\/mediateca\/wp-json\/wp\/v2\/posts\/583\/revisions\/1504"}],"wp:featuredmedia":[{"embeddable":true,"href":"https:\/\/redalforja.org.gt\/mediateca\/wp-json\/wp\/v2\/media\/584"}],"wp:attachment":[{"href":"https:\/\/redalforja.org.gt\/mediateca\/wp-json\/wp\/v2\/media?parent=583"}],"wp:term":[{"taxonomy":"category","embeddable":true,"href":"https:\/\/redalforja.org.gt\/mediateca\/wp-json\/wp\/v2\/categories?post=583"},{"taxonomy":"post_tag","embeddable":true,"href":"https:\/\/redalforja.org.gt\/mediateca\/wp-json\/wp\/v2\/tags?post=583"}],"curies":[{"name":"wp","href":"https:\/\/api.w.org\/{rel}","templated":true}]}}