{"id":580,"date":"2019-02-10T04:47:58","date_gmt":"2019-02-10T04:47:58","guid":{"rendered":"https:\/\/redalforja.org.gt\/mediateca\/?p=580"},"modified":"2022-07-27T04:55:12","modified_gmt":"2022-07-27T04:55:12","slug":"estrategias-del-imperio-y-formacion-politica","status":"publish","type":"post","link":"https:\/\/redalforja.org.gt\/mediateca\/2019\/02\/10\/estrategias-del-imperio-y-formacion-politica\/","title":{"rendered":"ESTRATEGIAS DEL IMPERIO Y FORMACI\u00d3N POL\u00cdTICA"},"content":{"rendered":"\n<p>Los Imperios han existido a lo largo de la historia de la humanidad. Han tenido modalidades y formas diferentes de expresarse y expandirse. Todos han llegado a un fin. Hoy estamos bajo el influjo de lo que podr\u00edamos llamar la Tr\u00edada Imperial: Estados Unidos, la Uni\u00f3n Europea y Jap\u00f3n. Con sus matices, persiguen b\u00e1sicamente lo mismo. La diferencia es que en Mesoam\u00e9rica, se siente con mayor intensidad el influjo de uno de ellos, el gigante del norte americano. Sus acciones tienen motivaciones, conocerlas nos permitir\u00e1 ir dando respuesta efectiva ante sus ambiciones.<\/p>\n\n\n\n<p><br>Con este panorama, Nueva Concepci\u00f3n, Chalatenango, fue el escenario para que 45 l\u00edderes, educadoras y educadores populares de Mesoam\u00e9rica se reunieran para discutir, durante dos d\u00edas, las estrategias del imperialismo y c\u00f3mo se est\u00e1n enfrentando. Fue un momento de aprendizaje, reflexi\u00f3n pol\u00edtica, ideol\u00f3gica y de intercambio de experiencias.<br><\/p>\n\n\n\n<p>La jornada se vio enriquecida con tres ponencias. La primera fue impartida por Wladimir Ruiz, de la embajada de Venezuela en El Salvador; del Observatorio Latinoamericano de Geopol\u00edtica lleg\u00f3 David Barrios para hablar sobre el militarismo en la regi\u00f3n. Finalmente, Ra\u00fal Moreno, economista y catedr\u00e1tico universitario salvadore\u00f1o, ilustr\u00f3 sobre las apuestas econ\u00f3micas de EU en Mesoam\u00e9rica. Sus comentarios junto a los aportes de los y las participantes dan vida a este documento.<\/p>\n\n\n\n<p>Sirva este esfuerzo como aporte para el enriquecimiento del debate y la formaci\u00f3n pol\u00edtica de los movimientos de la regi\u00f3n mesoamericana.<\/p>\n\n\n\n<p><a href=\"https:\/\/drive.google.com\/file\/d\/1fAD6r4tp5ihOf283psfXal1P_4EMEoev\/view?usp=sharing\">Puede descargar aqu\u00ed.<\/a><\/p>\n","protected":false},"excerpt":{"rendered":"<p>Los Imperios han existido a lo largo de la historia de la humanidad. Han tenido modalidades y formas diferentes de expresarse y expandirse. Todos han llegado a un fin. Hoy&#8230; <a href=\"https:\/\/redalforja.org.gt\/mediateca\/2019\/02\/10\/estrategias-del-imperio-y-formacion-politica\/\">Leer m\u00e1s &raquo;<\/a><\/p>\n","protected":false},"author":3,"featured_media":581,"comment_status":"closed","ping_status":"closed","sticky":false,"template":"","format":"standard","meta":[],"categories":[11,7],"tags":[],"post_mailing_queue_ids":[],"_links":{"self":[{"href":"https:\/\/redalforja.org.gt\/mediateca\/wp-json\/wp\/v2\/posts\/580"}],"collection":[{"href":"https:\/\/redalforja.org.gt\/mediateca\/wp-json\/wp\/v2\/posts"}],"about":[{"href":"https:\/\/redalforja.org.gt\/mediateca\/wp-json\/wp\/v2\/types\/post"}],"author":[{"embeddable":true,"href":"https:\/\/redalforja.org.gt\/mediateca\/wp-json\/wp\/v2\/users\/3"}],"replies":[{"embeddable":true,"href":"https:\/\/redalforja.org.gt\/mediateca\/wp-json\/wp\/v2\/comments?post=580"}],"version-history":[{"count":2,"href":"https:\/\/redalforja.org.gt\/mediateca\/wp-json\/wp\/v2\/posts\/580\/revisions"}],"predecessor-version":[{"id":1505,"href":"https:\/\/redalforja.org.gt\/mediateca\/wp-json\/wp\/v2\/posts\/580\/revisions\/1505"}],"wp:featuredmedia":[{"embeddable":true,"href":"https:\/\/redalforja.org.gt\/mediateca\/wp-json\/wp\/v2\/media\/581"}],"wp:attachment":[{"href":"https:\/\/redalforja.org.gt\/mediateca\/wp-json\/wp\/v2\/media?parent=580"}],"wp:term":[{"taxonomy":"category","embeddable":true,"href":"https:\/\/redalforja.org.gt\/mediateca\/wp-json\/wp\/v2\/categories?post=580"},{"taxonomy":"post_tag","embeddable":true,"href":"https:\/\/redalforja.org.gt\/mediateca\/wp-json\/wp\/v2\/tags?post=580"}],"curies":[{"name":"wp","href":"https:\/\/api.w.org\/{rel}","templated":true}]}}