{"id":517,"date":"2018-12-03T16:44:38","date_gmt":"2018-12-03T16:44:38","guid":{"rendered":"https:\/\/redalforja.org.gt\/mediateca\/?p=517"},"modified":"2022-07-27T04:56:41","modified_gmt":"2022-07-27T04:56:41","slug":"memoria-xxv-encuentro-de-creatividad-la-formacion-politica-en-las-acciones-de-lucha-en-las-organizaciones-y-movimientos-sociales","status":"publish","type":"post","link":"https:\/\/redalforja.org.gt\/mediateca\/2018\/12\/03\/memoria-xxv-encuentro-de-creatividad-la-formacion-politica-en-las-acciones-de-lucha-en-las-organizaciones-y-movimientos-sociales\/","title":{"rendered":"Memoria &#8211; XXV Encuentro de Creatividad: La formaci\u00f3n Pol\u00edtica en las acciones de lucha en las organizaciones y movimientos sociales"},"content":{"rendered":"\n<p>Este documento retomamos los contenidos trabajados durante los d\u00edas de intercambio del&nbsp; 23-25 de octubre 2018, y que nos presentan aportes en torno a la reflexi\u00f3n y pr\u00e1ctica de  la formaci\u00f3n y comunicaci\u00f3n pol\u00edtica en las acciones de lucha.<\/p>\n\n\n\n<p>Contenido:<\/p>\n\n\n\n<p>La formaci\u00f3n pol\u00edtica como estrategia<\/p>\n\n\n\n<p>Construcci\u00f3n pol\u00edtica y metodol\u00f3gica en las\nluchas de las organizaciones (abordados desde la formaci\u00f3n y\/o la comunicaci\u00f3n\npopular)<\/p>\n\n\n\n<p>profundizar en clave metodol\u00f3gica, nuestro\nquehacer como formadores y formadoras.<\/p>\n\n\n\n<p>La comunicaci\u00f3n popular como estrategia en la\nlucha de los movimientos<\/p>\n\n\n\n<p>Construcci\u00f3n pol\u00edtica y metodol\u00f3gica en las\nluchas de las organizaciones (abordados desde la formaci\u00f3n y\/o la comunicaci\u00f3n\npopular)<\/p>\n\n\n\n<p>Educaci\u00f3n popular y la formaci\u00f3n pol\u00edtica\nconceptos<\/p>\n\n\n\n<p>M\u00e9todo para abordar la construcci\u00f3n de poder<\/p>\n\n\n\n<p>M\u00e9todo para abordar derechos sociales\n(educaci\u00f3n, salud y trabajo)<\/p>\n\n\n\n<p>M\u00e9todo para abordar comunicaci\u00f3n<\/p>\n\n\n\n<p><a href=\"https:\/\/drive.google.com\/file\/d\/1or1G0HfMvugRR-69ycSNDaZSClYaUiVj\/view?usp=sharing\">Puede descargar el documento aqu\u00ed.<\/a><\/p>\n","protected":false},"excerpt":{"rendered":"<p>Este documento retomamos los contenidos trabajados durante los d\u00edas de intercambio del&nbsp; 23-25 de octubre 2018, y que nos presentan aportes en torno a la reflexi\u00f3n y pr\u00e1ctica de la&#8230; <a href=\"https:\/\/redalforja.org.gt\/mediateca\/2018\/12\/03\/memoria-xxv-encuentro-de-creatividad-la-formacion-politica-en-las-acciones-de-lucha-en-las-organizaciones-y-movimientos-sociales\/\">Leer m\u00e1s &raquo;<\/a><\/p>\n","protected":false},"author":3,"featured_media":518,"comment_status":"closed","ping_status":"closed","sticky":false,"template":"","format":"standard","meta":[],"categories":[1],"tags":[],"post_mailing_queue_ids":[],"_links":{"self":[{"href":"https:\/\/redalforja.org.gt\/mediateca\/wp-json\/wp\/v2\/posts\/517"}],"collection":[{"href":"https:\/\/redalforja.org.gt\/mediateca\/wp-json\/wp\/v2\/posts"}],"about":[{"href":"https:\/\/redalforja.org.gt\/mediateca\/wp-json\/wp\/v2\/types\/post"}],"author":[{"embeddable":true,"href":"https:\/\/redalforja.org.gt\/mediateca\/wp-json\/wp\/v2\/users\/3"}],"replies":[{"embeddable":true,"href":"https:\/\/redalforja.org.gt\/mediateca\/wp-json\/wp\/v2\/comments?post=517"}],"version-history":[{"count":3,"href":"https:\/\/redalforja.org.gt\/mediateca\/wp-json\/wp\/v2\/posts\/517\/revisions"}],"predecessor-version":[{"id":1507,"href":"https:\/\/redalforja.org.gt\/mediateca\/wp-json\/wp\/v2\/posts\/517\/revisions\/1507"}],"wp:featuredmedia":[{"embeddable":true,"href":"https:\/\/redalforja.org.gt\/mediateca\/wp-json\/wp\/v2\/media\/518"}],"wp:attachment":[{"href":"https:\/\/redalforja.org.gt\/mediateca\/wp-json\/wp\/v2\/media?parent=517"}],"wp:term":[{"taxonomy":"category","embeddable":true,"href":"https:\/\/redalforja.org.gt\/mediateca\/wp-json\/wp\/v2\/categories?post=517"},{"taxonomy":"post_tag","embeddable":true,"href":"https:\/\/redalforja.org.gt\/mediateca\/wp-json\/wp\/v2\/tags?post=517"}],"curies":[{"name":"wp","href":"https:\/\/api.w.org\/{rel}","templated":true}]}}