{"id":503,"date":"2018-10-04T03:31:17","date_gmt":"2018-10-04T03:31:17","guid":{"rendered":"https:\/\/redalforja.org.gt\/mediateca\/?p=503"},"modified":"2022-07-27T05:04:53","modified_gmt":"2022-07-27T05:04:53","slug":"movimientos-en-mesoamerica-nudos-y-desnudos-accion-politica-y-pensamiento-estrategico-en-la-lucha-por-la-defensa-del-territorio-y-cuidado-de-la-vida","status":"publish","type":"post","link":"https:\/\/redalforja.org.gt\/mediateca\/2018\/10\/04\/movimientos-en-mesoamerica-nudos-y-desnudos-accion-politica-y-pensamiento-estrategico-en-la-lucha-por-la-defensa-del-territorio-y-cuidado-de-la-vida\/","title":{"rendered":"Movimientos en MESOAM\u00c9RICA: NUDOS Y DESNUDOS Acci\u00f3n pol\u00edtica y pensamiento estrat\u00e9gico en la lucha por la defensa del territorio y cuidado de la vida"},"content":{"rendered":"\n<p>Este documento recoge el esfuerzo generado durante todo 2011 con la Escuela Mesoamericana en Movimiento. Es el producto de los debates y opiniones de quienes la constituyeron, es la recopilaci\u00f3n de posturas, es la evidencia del trabajo y las carencias de los movimientos en sus pr\u00e1cticas y, finalmente, es el compromiso de todos y todas por construir un mundo mejor.<\/p>\n\n\n\n<!--more-->\n\n\n\n<p><br>Esta construcci\u00f3n se realiz\u00f3 a lo largo de un a\u00f1o de formaci\u00f3n, y este documento recoge en un \u201cdoble formato\u201d: el aporte te\u00f3rico y la metodolog\u00eda utilizada. Entonces, m\u00e1s que dar cuenta del producto de cada m\u00f3dulo y la concreci\u00f3n de sus objetivos espec\u00edficos, este documento tiene la intenci\u00f3n de ser una compilaci\u00f3n de los aspectos significativos del proceso.<\/p>\n\n\n\n<p><strong><a href=\"https:\/\/drive.google.com\/file\/d\/1oRC3NRu9E9mOdY_pvNHe73E9By3L-Ent\/view?usp=sharing\">Puede descargar el documento aqu\u00ed <\/a><\/strong><\/p>\n\n\n\n<div class=\"wp-block-file\"><a href=\"https:\/\/redalforja.org.gt\/mediateca\/wp-content\/uploads\/2022\/02\/Alforja-2011.-Nudos-y-Desnudos.pdf\">Alforja 2011. Nudos y Desnudos<\/a><a href=\"https:\/\/redalforja.org.gt\/mediateca\/wp-content\/uploads\/2022\/02\/Alforja-2011.-Nudos-y-Desnudos.pdf\" class=\"wp-block-file__button\" download>Descarga<\/a><\/div>\n","protected":false},"excerpt":{"rendered":"<p>Este documento recoge el esfuerzo generado durante todo 2011 con la Escuela Mesoamericana en Movimiento. Es el producto de los debates y opiniones de quienes la constituyeron, es la recopilaci\u00f3n&#8230; <a href=\"https:\/\/redalforja.org.gt\/mediateca\/2018\/10\/04\/movimientos-en-mesoamerica-nudos-y-desnudos-accion-politica-y-pensamiento-estrategico-en-la-lucha-por-la-defensa-del-territorio-y-cuidado-de-la-vida\/\">Leer m\u00e1s &raquo;<\/a><\/p>\n","protected":false},"author":3,"featured_media":504,"comment_status":"open","ping_status":"closed","sticky":false,"template":"","format":"standard","meta":[],"categories":[7,6,12,25],"tags":[],"post_mailing_queue_ids":[],"_links":{"self":[{"href":"https:\/\/redalforja.org.gt\/mediateca\/wp-json\/wp\/v2\/posts\/503"}],"collection":[{"href":"https:\/\/redalforja.org.gt\/mediateca\/wp-json\/wp\/v2\/posts"}],"about":[{"href":"https:\/\/redalforja.org.gt\/mediateca\/wp-json\/wp\/v2\/types\/post"}],"author":[{"embeddable":true,"href":"https:\/\/redalforja.org.gt\/mediateca\/wp-json\/wp\/v2\/users\/3"}],"replies":[{"embeddable":true,"href":"https:\/\/redalforja.org.gt\/mediateca\/wp-json\/wp\/v2\/comments?post=503"}],"version-history":[{"count":4,"href":"https:\/\/redalforja.org.gt\/mediateca\/wp-json\/wp\/v2\/posts\/503\/revisions"}],"predecessor-version":[{"id":1510,"href":"https:\/\/redalforja.org.gt\/mediateca\/wp-json\/wp\/v2\/posts\/503\/revisions\/1510"}],"wp:featuredmedia":[{"embeddable":true,"href":"https:\/\/redalforja.org.gt\/mediateca\/wp-json\/wp\/v2\/media\/504"}],"wp:attachment":[{"href":"https:\/\/redalforja.org.gt\/mediateca\/wp-json\/wp\/v2\/media?parent=503"}],"wp:term":[{"taxonomy":"category","embeddable":true,"href":"https:\/\/redalforja.org.gt\/mediateca\/wp-json\/wp\/v2\/categories?post=503"},{"taxonomy":"post_tag","embeddable":true,"href":"https:\/\/redalforja.org.gt\/mediateca\/wp-json\/wp\/v2\/tags?post=503"}],"curies":[{"name":"wp","href":"https:\/\/api.w.org\/{rel}","templated":true}]}}