{"id":486,"date":"2018-08-28T16:22:09","date_gmt":"2018-08-28T16:22:09","guid":{"rendered":"https:\/\/redalforja.org.gt\/mediateca\/?p=486"},"modified":"2022-07-27T05:08:04","modified_gmt":"2022-07-27T05:08:04","slug":"del-estado-neoliberal-al-estado-plurinacional-autonomico-y-productivo","status":"publish","type":"post","link":"https:\/\/redalforja.org.gt\/mediateca\/2018\/08\/28\/del-estado-neoliberal-al-estado-plurinacional-autonomico-y-productivo\/","title":{"rendered":"Del Estado neoliberal al Estado Plurinacional auton\u00f3mico y productivo &#8211; Documento"},"content":{"rendered":"\n<p>\u201cDel Estado neoliberal al Estado plurinacional auton\u00f3mico y productivo\u201d es la primera propuesta que la Revista Discursos y Ponencias, pone a consideraci\u00f3n de sus lectores en este 2009 y es el resultado de la conferencia magistral del ciudadano \u00c1lvaro Garc\u00eda Linera,<br>Vicepresidente de la Rep\u00fablica y Presidente del Congreso Nacional, en la Universidad Domingo Savio de la ciudad de Santa Cruz, en el mes de diciembre de 2008.<br>En esta edici\u00f3n, el Vicepresidente de la Rep\u00fablica define al Estado y sus tres componentes estructurales, y plantea elementos para estudiar al Estado en momentos de crisis y transici\u00f3n.<\/p>\n\n\n\n<p><a href=\"https:\/\/drive.google.com\/file\/d\/1WMVmVsxVa0nF3I-4d2XTQHJ1fWBrq7jq\/view?usp=sharing\">Puede descargar el documento aqu\u00ed<\/a><\/p>\n","protected":false},"excerpt":{"rendered":"<p>\u201cDel Estado neoliberal al Estado plurinacional auton\u00f3mico y productivo\u201d es la primera propuesta que la Revista Discursos y Ponencias, pone a consideraci\u00f3n de sus lectores en este 2009 y es&#8230; <a href=\"https:\/\/redalforja.org.gt\/mediateca\/2018\/08\/28\/del-estado-neoliberal-al-estado-plurinacional-autonomico-y-productivo\/\">Leer m\u00e1s &raquo;<\/a><\/p>\n","protected":false},"author":3,"featured_media":487,"comment_status":"open","ping_status":"closed","sticky":false,"template":"","format":"standard","meta":[],"categories":[4,28],"tags":[],"post_mailing_queue_ids":[],"_links":{"self":[{"href":"https:\/\/redalforja.org.gt\/mediateca\/wp-json\/wp\/v2\/posts\/486"}],"collection":[{"href":"https:\/\/redalforja.org.gt\/mediateca\/wp-json\/wp\/v2\/posts"}],"about":[{"href":"https:\/\/redalforja.org.gt\/mediateca\/wp-json\/wp\/v2\/types\/post"}],"author":[{"embeddable":true,"href":"https:\/\/redalforja.org.gt\/mediateca\/wp-json\/wp\/v2\/users\/3"}],"replies":[{"embeddable":true,"href":"https:\/\/redalforja.org.gt\/mediateca\/wp-json\/wp\/v2\/comments?post=486"}],"version-history":[{"count":4,"href":"https:\/\/redalforja.org.gt\/mediateca\/wp-json\/wp\/v2\/posts\/486\/revisions"}],"predecessor-version":[{"id":1512,"href":"https:\/\/redalforja.org.gt\/mediateca\/wp-json\/wp\/v2\/posts\/486\/revisions\/1512"}],"wp:featuredmedia":[{"embeddable":true,"href":"https:\/\/redalforja.org.gt\/mediateca\/wp-json\/wp\/v2\/media\/487"}],"wp:attachment":[{"href":"https:\/\/redalforja.org.gt\/mediateca\/wp-json\/wp\/v2\/media?parent=486"}],"wp:term":[{"taxonomy":"category","embeddable":true,"href":"https:\/\/redalforja.org.gt\/mediateca\/wp-json\/wp\/v2\/categories?post=486"},{"taxonomy":"post_tag","embeddable":true,"href":"https:\/\/redalforja.org.gt\/mediateca\/wp-json\/wp\/v2\/tags?post=486"}],"curies":[{"name":"wp","href":"https:\/\/api.w.org\/{rel}","templated":true}]}}