{"id":483,"date":"2018-08-28T16:10:46","date_gmt":"2018-08-28T16:10:46","guid":{"rendered":"https:\/\/redalforja.org.gt\/mediateca\/?p=483"},"modified":"2018-08-28T18:30:45","modified_gmt":"2018-08-28T18:30:45","slug":"el-estado-plurinacional","status":"publish","type":"post","link":"https:\/\/redalforja.org.gt\/mediateca\/2018\/08\/28\/el-estado-plurinacional\/","title":{"rendered":"El Estado Plurinacional &#8211; Documento"},"content":{"rendered":"\n<p>El \u201cEstado Plurinacional\u201d es el resultado de la ponencia del Vicepresidente \u00c1lvaro Garc\u00eda Linera presentada en la inauguraci\u00f3n del Cuarto Encuentro de J\u00f3venes \u201cLa Nueva Bolivia\u201d, organizado por la Escuela de Formaci\u00f3n Evo Morales Ayma en marzo de este a\u00f1o.<br\/>Los tres ejes transversales que atraviesan al Estado, para darle una forma particular, son: la correlaci\u00f3n de fuerzas de la sociedad o el bloque de poder, el armaz\u00f3n institucional o su \u201cinstitucionalidad\u201d y las ideas, discursos y s\u00edmbolos que lo componen. Hemos transitado, desde la segunda mitad del siglo XX, de un Estado Nacionalista Revolucionario (en sus vertientes democr\u00e1tica y autoritaria) a uno Neoliberal y ahora intentamos construir un nuevo proyecto societal y estatal que se refl eja en nuestra nueva Constituci\u00f3n Pol\u00edtica; un Estado que reconozca, rescate y respete nuestra diversidad hist\u00f3rica, ling\u00fc\u00edstica, cultural, \u00e9tnica, institucional, identitaria, civilizatoria, es decir, la diversidad de nuestras vidas y de lo que somos. No es casual que uno de los hilos conductores m\u00e1s importantes dentro de la actual Constituci\u00f3n, sea el del pluralismo y lo pluricultural, el reconocimiento expl\u00edcito de esa diversidad en plena igualdad, ensamblada, complementada y enriquecida para la construcci\u00f3n de<br\/>ese nuevo Estado Plurinacional.<\/p>\n\n\n\n<p>Puede descargar el documento aqu\u00ed.<\/p>\n","protected":false},"excerpt":{"rendered":"<p>El \u201cEstado Plurinacional\u201d es el resultado de la ponencia del Vicepresidente \u00c1lvaro Garc\u00eda Linera presentada en la inauguraci\u00f3n del Cuarto Encuentro de J\u00f3venes \u201cLa Nueva Bolivia\u201d, organizado por la Escuela&#8230; <a href=\"https:\/\/redalforja.org.gt\/mediateca\/2018\/08\/28\/el-estado-plurinacional\/\">Leer m\u00e1s &raquo;<\/a><\/p>\n","protected":false},"author":3,"featured_media":484,"comment_status":"open","ping_status":"closed","sticky":false,"template":"","format":"standard","meta":[],"categories":[4,28],"tags":[],"post_mailing_queue_ids":[],"_links":{"self":[{"href":"https:\/\/redalforja.org.gt\/mediateca\/wp-json\/wp\/v2\/posts\/483"}],"collection":[{"href":"https:\/\/redalforja.org.gt\/mediateca\/wp-json\/wp\/v2\/posts"}],"about":[{"href":"https:\/\/redalforja.org.gt\/mediateca\/wp-json\/wp\/v2\/types\/post"}],"author":[{"embeddable":true,"href":"https:\/\/redalforja.org.gt\/mediateca\/wp-json\/wp\/v2\/users\/3"}],"replies":[{"embeddable":true,"href":"https:\/\/redalforja.org.gt\/mediateca\/wp-json\/wp\/v2\/comments?post=483"}],"version-history":[{"count":2,"href":"https:\/\/redalforja.org.gt\/mediateca\/wp-json\/wp\/v2\/posts\/483\/revisions"}],"predecessor-version":[{"id":497,"href":"https:\/\/redalforja.org.gt\/mediateca\/wp-json\/wp\/v2\/posts\/483\/revisions\/497"}],"wp:featuredmedia":[{"embeddable":true,"href":"https:\/\/redalforja.org.gt\/mediateca\/wp-json\/wp\/v2\/media\/484"}],"wp:attachment":[{"href":"https:\/\/redalforja.org.gt\/mediateca\/wp-json\/wp\/v2\/media?parent=483"}],"wp:term":[{"taxonomy":"category","embeddable":true,"href":"https:\/\/redalforja.org.gt\/mediateca\/wp-json\/wp\/v2\/categories?post=483"},{"taxonomy":"post_tag","embeddable":true,"href":"https:\/\/redalforja.org.gt\/mediateca\/wp-json\/wp\/v2\/tags?post=483"}],"curies":[{"name":"wp","href":"https:\/\/api.w.org\/{rel}","templated":true}]}}