{"id":469,"date":"2018-08-28T15:28:05","date_gmt":"2018-08-28T15:28:05","guid":{"rendered":"https:\/\/redalforja.org.gt\/mediateca\/?p=469"},"modified":"2022-07-27T05:11:25","modified_gmt":"2022-07-27T05:11:25","slug":"del-estado-aparente-al-estado-integral-documento","status":"publish","type":"post","link":"https:\/\/redalforja.org.gt\/mediateca\/2018\/08\/28\/del-estado-aparente-al-estado-integral-documento\/","title":{"rendered":"Del Estado aparente al Estado integral &#8211; Documento"},"content":{"rendered":"<p>En el presente n\u00famero de la revista \u201cDiscursos y Ponencias\u201d, se presenta el discurso del se\u00f1or Vicepresidente del Estado Plurinacional \u00c1lvaro Garc\u00eda Linera \u201cDel Estado aparente al Estado integral\u201d pronunciado durante el acto de posesi\u00f3n presidencial del segundo periodo de gobierno.<br \/>En primera instancia, el desarrollo del discurso nos lleva por un recorrido hist\u00f3rico y te\u00f3rico del proceso que estamos viviendo; en este contexto de manera sint\u00e9tica encontramos una invitaci\u00f3n al debate y a la profundizaci\u00f3n que se expresan en conceptos, categor\u00edas y en foques que muestra la realidad que vivimos cotidianamente.<br \/>A continuaci\u00f3n, hace hincapi\u00e9 en el papel pol\u00edtico que cumple actualmente la mayor\u00eda ind\u00edgena en el proceso de transformaci\u00f3n en cuanto a la toma del poder. Por otro lado nos muestra el lugar que debe ocupar el Estado en el control de los recursos naturales y como se est\u00e1 creando una nueva articulaci\u00f3n de la estructura estatal a partir del proceso de descentralizaci\u00f3n.<br \/>Finalmente, nos da a conocer la expansi\u00f3n de la pluralidad a partir de la incorporaci\u00f3n de todos los sectores de la sociedad a esta perspectiva y como el liderazgo de Evo Morales potencia la unidad nacional.<\/p>\n\n\n<p><a href=\"https:\/\/drive.google.com\/file\/d\/1YGuYh9r-7QtStqvOBl9jaKisU4_4HAT9\/view?usp=sharing\">Leer texto completo\u00a0<\/a><\/p>\n","protected":false},"excerpt":{"rendered":"<p>En el presente n\u00famero de la revista \u201cDiscursos y Ponencias\u201d, se presenta el discurso del se\u00f1or Vicepresidente del Estado Plurinacional \u00c1lvaro Garc\u00eda Linera \u201cDel Estado aparente al Estado integral\u201d pronunciado&#8230; <a href=\"https:\/\/redalforja.org.gt\/mediateca\/2018\/08\/28\/del-estado-aparente-al-estado-integral-documento\/\">Leer m\u00e1s &raquo;<\/a><\/p>\n","protected":false},"author":3,"featured_media":477,"comment_status":"open","ping_status":"closed","sticky":false,"template":"","format":"standard","meta":[],"categories":[4,28],"tags":[],"post_mailing_queue_ids":[],"_links":{"self":[{"href":"https:\/\/redalforja.org.gt\/mediateca\/wp-json\/wp\/v2\/posts\/469"}],"collection":[{"href":"https:\/\/redalforja.org.gt\/mediateca\/wp-json\/wp\/v2\/posts"}],"about":[{"href":"https:\/\/redalforja.org.gt\/mediateca\/wp-json\/wp\/v2\/types\/post"}],"author":[{"embeddable":true,"href":"https:\/\/redalforja.org.gt\/mediateca\/wp-json\/wp\/v2\/users\/3"}],"replies":[{"embeddable":true,"href":"https:\/\/redalforja.org.gt\/mediateca\/wp-json\/wp\/v2\/comments?post=469"}],"version-history":[{"count":6,"href":"https:\/\/redalforja.org.gt\/mediateca\/wp-json\/wp\/v2\/posts\/469\/revisions"}],"predecessor-version":[{"id":1515,"href":"https:\/\/redalforja.org.gt\/mediateca\/wp-json\/wp\/v2\/posts\/469\/revisions\/1515"}],"wp:featuredmedia":[{"embeddable":true,"href":"https:\/\/redalforja.org.gt\/mediateca\/wp-json\/wp\/v2\/media\/477"}],"wp:attachment":[{"href":"https:\/\/redalforja.org.gt\/mediateca\/wp-json\/wp\/v2\/media?parent=469"}],"wp:term":[{"taxonomy":"category","embeddable":true,"href":"https:\/\/redalforja.org.gt\/mediateca\/wp-json\/wp\/v2\/categories?post=469"},{"taxonomy":"post_tag","embeddable":true,"href":"https:\/\/redalforja.org.gt\/mediateca\/wp-json\/wp\/v2\/tags?post=469"}],"curies":[{"name":"wp","href":"https:\/\/api.w.org\/{rel}","templated":true}]}}