{"id":465,"date":"2018-08-03T16:27:25","date_gmt":"2018-08-03T16:27:25","guid":{"rendered":"https:\/\/redalforja.org.gt\/mediateca\/?p=465"},"modified":"2018-08-03T16:27:25","modified_gmt":"2018-08-03T16:27:25","slug":"refundar-al-estado-procesos-constituyentes-en-america-latina-documento","status":"publish","type":"post","link":"https:\/\/redalforja.org.gt\/mediateca\/2018\/08\/03\/refundar-al-estado-procesos-constituyentes-en-america-latina-documento\/","title":{"rendered":"REFUNDAR AL ESTADO &#8211; Procesos Constituyentes en Am\u00e9rica Latina &#8211; Documento"},"content":{"rendered":"<p><span class=\"fontstyle0\">Este documento nos presenta el proceso constituyente ecuatoriano, procura profundizar las din\u00e1micas sociales y pol\u00edticas que culminaron en la Constituci\u00f3n de 2008. Para ello fue necesario\u00a0 hacer una\u00a0 revisi\u00f3n\u00a0 de\u00a0 los\u00a0 fundamentos\u00a0 conceptuales\u00a0 que\u00a0 han\u00a0 marcado\u00a0 las\u00a0 constituciones en su trayectoria hist\u00f3rica. Se trataba no solo de entender el significado\u00a0 de\u00a0 las\u00a0 normas\u00a0 constitucionales, sino la trama social y pol\u00edtica que las hab\u00eda condicionado.<\/span>\u00a0<!--more--><\/p>\n<p style=\"text-align: center;\"><strong><a href=\"https:\/\/redalforja.org.gt\/mediateca\/wp-content\/uploads\/2018\/08\/refundar.pdf\">Puede descargar el documento aqu\u00ed.<\/a><\/strong><\/p>\n<p>&nbsp;<\/p>\n<p>&nbsp;<\/p>\n","protected":false},"excerpt":{"rendered":"<p>Este documento nos presenta el proceso constituyente ecuatoriano, procura profundizar las din\u00e1micas sociales y pol\u00edticas que culminaron en la Constituci\u00f3n de 2008. Para ello fue necesario\u00a0 hacer una\u00a0 revisi\u00f3n\u00a0 de\u00a0&#8230; <a href=\"https:\/\/redalforja.org.gt\/mediateca\/2018\/08\/03\/refundar-al-estado-procesos-constituyentes-en-america-latina-documento\/\">Leer m\u00e1s &raquo;<\/a><\/p>\n","protected":false},"author":3,"featured_media":467,"comment_status":"open","ping_status":"closed","sticky":false,"template":"","format":"standard","meta":[],"categories":[29,28],"tags":[],"post_mailing_queue_ids":[],"_links":{"self":[{"href":"https:\/\/redalforja.org.gt\/mediateca\/wp-json\/wp\/v2\/posts\/465"}],"collection":[{"href":"https:\/\/redalforja.org.gt\/mediateca\/wp-json\/wp\/v2\/posts"}],"about":[{"href":"https:\/\/redalforja.org.gt\/mediateca\/wp-json\/wp\/v2\/types\/post"}],"author":[{"embeddable":true,"href":"https:\/\/redalforja.org.gt\/mediateca\/wp-json\/wp\/v2\/users\/3"}],"replies":[{"embeddable":true,"href":"https:\/\/redalforja.org.gt\/mediateca\/wp-json\/wp\/v2\/comments?post=465"}],"version-history":[{"count":1,"href":"https:\/\/redalforja.org.gt\/mediateca\/wp-json\/wp\/v2\/posts\/465\/revisions"}],"predecessor-version":[{"id":468,"href":"https:\/\/redalforja.org.gt\/mediateca\/wp-json\/wp\/v2\/posts\/465\/revisions\/468"}],"wp:featuredmedia":[{"embeddable":true,"href":"https:\/\/redalforja.org.gt\/mediateca\/wp-json\/wp\/v2\/media\/467"}],"wp:attachment":[{"href":"https:\/\/redalforja.org.gt\/mediateca\/wp-json\/wp\/v2\/media?parent=465"}],"wp:term":[{"taxonomy":"category","embeddable":true,"href":"https:\/\/redalforja.org.gt\/mediateca\/wp-json\/wp\/v2\/categories?post=465"},{"taxonomy":"post_tag","embeddable":true,"href":"https:\/\/redalforja.org.gt\/mediateca\/wp-json\/wp\/v2\/tags?post=465"}],"curies":[{"name":"wp","href":"https:\/\/api.w.org\/{rel}","templated":true}]}}