{"id":455,"date":"2018-08-03T15:03:07","date_gmt":"2018-08-03T15:03:07","guid":{"rendered":"https:\/\/redalforja.org.gt\/mediateca\/?p=455"},"modified":"2022-07-27T05:14:27","modified_gmt":"2022-07-27T05:14:27","slug":"apuntes-para-un-estado-plurinacional-documento","status":"publish","type":"post","link":"https:\/\/redalforja.org.gt\/mediateca\/2018\/08\/03\/apuntes-para-un-estado-plurinacional-documento\/","title":{"rendered":"Apuntes para un Estado plurinacional &#8211; Documento"},"content":{"rendered":"<p><span class=\"fontstyle0\">En este documento se problematiza como\u00a0 \u00a0el movimiento ind\u00edgena popular est\u00e1 constituyendo un proyecto plurinacional que articula al pueblo<\/span><span class=\"fontstyle0\">, debido a que contienen un horizonte pol\u00edtico, y potencialmente un proyecto societal, para todos, para Bolivia. <\/span><!--more--><\/p>\n<p><span class=\"fontstyle0\">Este horizonte de larga data y su determinaci\u00f3n en un proyecto concreto en gestaci\u00f3n en la actual coyuntura (desde el 2000) podr\u00eda generar la sufciente fuerza social, movilizada en las calles, las urnas y la gesti\u00f3n p\u00fablica, como para llevar adelante la construcci\u00f3n de un Estado plurinacional.<\/span><\/p>\n<p>\u00a0<\/p>\n\n\n<p><a href=\"https:\/\/drive.google.com\/file\/d\/1aZ4BmmUjAjmr4WKw9TExaj9bx8x673av\/view?usp=sharing\">Leer texto completo\u00a0<\/a><\/p>\n","protected":false},"excerpt":{"rendered":"<p>En este documento se problematiza como\u00a0 \u00a0el movimiento ind\u00edgena popular est\u00e1 constituyendo un proyecto plurinacional que articula al pueblo, debido a que contienen un horizonte pol\u00edtico, y potencialmente un proyecto&#8230; <a href=\"https:\/\/redalforja.org.gt\/mediateca\/2018\/08\/03\/apuntes-para-un-estado-plurinacional-documento\/\">Leer m\u00e1s &raquo;<\/a><\/p>\n","protected":false},"author":3,"featured_media":459,"comment_status":"open","ping_status":"closed","sticky":false,"template":"","format":"standard","meta":[],"categories":[27,29,28,1],"tags":[],"post_mailing_queue_ids":[],"_links":{"self":[{"href":"https:\/\/redalforja.org.gt\/mediateca\/wp-json\/wp\/v2\/posts\/455"}],"collection":[{"href":"https:\/\/redalforja.org.gt\/mediateca\/wp-json\/wp\/v2\/posts"}],"about":[{"href":"https:\/\/redalforja.org.gt\/mediateca\/wp-json\/wp\/v2\/types\/post"}],"author":[{"embeddable":true,"href":"https:\/\/redalforja.org.gt\/mediateca\/wp-json\/wp\/v2\/users\/3"}],"replies":[{"embeddable":true,"href":"https:\/\/redalforja.org.gt\/mediateca\/wp-json\/wp\/v2\/comments?post=455"}],"version-history":[{"count":5,"href":"https:\/\/redalforja.org.gt\/mediateca\/wp-json\/wp\/v2\/posts\/455\/revisions"}],"predecessor-version":[{"id":1519,"href":"https:\/\/redalforja.org.gt\/mediateca\/wp-json\/wp\/v2\/posts\/455\/revisions\/1519"}],"wp:featuredmedia":[{"embeddable":true,"href":"https:\/\/redalforja.org.gt\/mediateca\/wp-json\/wp\/v2\/media\/459"}],"wp:attachment":[{"href":"https:\/\/redalforja.org.gt\/mediateca\/wp-json\/wp\/v2\/media?parent=455"}],"wp:term":[{"taxonomy":"category","embeddable":true,"href":"https:\/\/redalforja.org.gt\/mediateca\/wp-json\/wp\/v2\/categories?post=455"},{"taxonomy":"post_tag","embeddable":true,"href":"https:\/\/redalforja.org.gt\/mediateca\/wp-json\/wp\/v2\/tags?post=455"}],"curies":[{"name":"wp","href":"https:\/\/api.w.org\/{rel}","templated":true}]}}