{"id":415,"date":"2018-07-05T15:41:10","date_gmt":"2018-07-05T15:41:10","guid":{"rendered":"https:\/\/redalforja.org.gt\/mediateca\/?p=415"},"modified":"2022-07-27T05:32:20","modified_gmt":"2022-07-27T05:32:20","slug":"las-autonomias-indigenas-en-america-latina-documento","status":"publish","type":"post","link":"https:\/\/redalforja.org.gt\/mediateca\/2018\/07\/05\/las-autonomias-indigenas-en-america-latina-documento\/","title":{"rendered":"LAS AUTONOM\u00cdAS INDIGENAS EN AMERICA LATINA (Documento)"},"content":{"rendered":"<p>\u00a0<\/p>\n<p>Este documento nos invita a pensar los recorridos de creaci\u00f3n que esta viviendo\u00a0 Am\u00e9rica Latina y la transformaci\u00f3n que vienen resignificando las diversas autonom\u00edas ind\u00edgenas y como este reclamo que se posicion\u00f3 como demanda central de los movimientos ind\u00edgenas en la d\u00e9cada de los noventas del siglo XX y se consolid\u00f3 a principios del siglo XXI, este surgimiento de los pueblos ind\u00edgenas como actores centrales de los nuevos movimientos sociales no ha sido fortuito. En ello han sido determinantes los nuevos rumbos que el imperialismo capitalista ha tomado para entrar en una nueva fase econ\u00f3mica que diversos analistas denominan acumulaci\u00f3n por desposesi\u00f3n.<\/p>\n<p style=\"text-align: center;\">\u00a0<\/p>\n\n\n<p><a href=\"https:\/\/drive.google.com\/file\/d\/1XMKQIE1EwYJ2I39Byue0nR4Hz-FLGlZK\/view?usp=sharing\">Leer texto completo\u00a0<\/a><\/p>\n","protected":false},"excerpt":{"rendered":"<p>\u00a0 Este documento nos invita a pensar los recorridos de creaci\u00f3n que esta viviendo\u00a0 Am\u00e9rica Latina y la transformaci\u00f3n que vienen resignificando las diversas autonom\u00edas ind\u00edgenas y como este reclamo&#8230; <a href=\"https:\/\/redalforja.org.gt\/mediateca\/2018\/07\/05\/las-autonomias-indigenas-en-america-latina-documento\/\">Leer m\u00e1s &raquo;<\/a><\/p>\n","protected":false},"author":3,"featured_media":416,"comment_status":"open","ping_status":"closed","sticky":false,"template":"","format":"standard","meta":[],"categories":[22,24],"tags":[],"post_mailing_queue_ids":[],"_links":{"self":[{"href":"https:\/\/redalforja.org.gt\/mediateca\/wp-json\/wp\/v2\/posts\/415"}],"collection":[{"href":"https:\/\/redalforja.org.gt\/mediateca\/wp-json\/wp\/v2\/posts"}],"about":[{"href":"https:\/\/redalforja.org.gt\/mediateca\/wp-json\/wp\/v2\/types\/post"}],"author":[{"embeddable":true,"href":"https:\/\/redalforja.org.gt\/mediateca\/wp-json\/wp\/v2\/users\/3"}],"replies":[{"embeddable":true,"href":"https:\/\/redalforja.org.gt\/mediateca\/wp-json\/wp\/v2\/comments?post=415"}],"version-history":[{"count":3,"href":"https:\/\/redalforja.org.gt\/mediateca\/wp-json\/wp\/v2\/posts\/415\/revisions"}],"predecessor-version":[{"id":1533,"href":"https:\/\/redalforja.org.gt\/mediateca\/wp-json\/wp\/v2\/posts\/415\/revisions\/1533"}],"wp:featuredmedia":[{"embeddable":true,"href":"https:\/\/redalforja.org.gt\/mediateca\/wp-json\/wp\/v2\/media\/416"}],"wp:attachment":[{"href":"https:\/\/redalforja.org.gt\/mediateca\/wp-json\/wp\/v2\/media?parent=415"}],"wp:term":[{"taxonomy":"category","embeddable":true,"href":"https:\/\/redalforja.org.gt\/mediateca\/wp-json\/wp\/v2\/categories?post=415"},{"taxonomy":"post_tag","embeddable":true,"href":"https:\/\/redalforja.org.gt\/mediateca\/wp-json\/wp\/v2\/tags?post=415"}],"curies":[{"name":"wp","href":"https:\/\/api.w.org\/{rel}","templated":true}]}}