{"id":380,"date":"2018-05-15T22:54:28","date_gmt":"2018-05-15T22:54:28","guid":{"rendered":"https:\/\/redalforja.org.gt\/mediateca\/?p=380"},"modified":"2018-05-15T22:54:45","modified_gmt":"2018-05-15T22:54:45","slug":"enclave-politica-conversamos-con-ana-esther-cecena-video","status":"publish","type":"post","link":"https:\/\/redalforja.org.gt\/mediateca\/2018\/05\/15\/enclave-politica-conversamos-con-ana-esther-cecena-video\/","title":{"rendered":"EnClave Pol\u00edtica: Conversamos con Ana Esther Cece\u00f1a (Video)"},"content":{"rendered":"<p>&nbsp;<\/p>\n<p><iframe loading=\"lazy\" src=\"https:\/\/www.youtube.com\/embed\/oHmxkutDX94\" width=\"560\" height=\"315\" frameborder=\"0\" allowfullscreen=\"allowfullscreen\"><\/iframe><\/p>\n<p>Tras casi dos d\u00e9cadas de gobiernos progresistas, Am\u00e9rica Latina enfrenta la ofensiva del imperialismo Estadounidense, \u00bfqu\u00e9 mecanismos y acciones utiliza esta ofensiva pol\u00edtica, militar y econ\u00f3mica? y \u00bfc\u00f3mo afectan a nuestros pueblos?<\/p>\n<p>&nbsp;<\/p>\n","protected":false},"excerpt":{"rendered":"<p>&nbsp; Tras casi dos d\u00e9cadas de gobiernos progresistas, Am\u00e9rica Latina enfrenta la ofensiva del imperialismo Estadounidense, \u00bfqu\u00e9 mecanismos y acciones utiliza esta ofensiva pol\u00edtica, militar y econ\u00f3mica? y \u00bfc\u00f3mo afectan&#8230; <a href=\"https:\/\/redalforja.org.gt\/mediateca\/2018\/05\/15\/enclave-politica-conversamos-con-ana-esther-cecena-video\/\">Leer m\u00e1s &raquo;<\/a><\/p>\n","protected":false},"author":3,"featured_media":381,"comment_status":"open","ping_status":"closed","sticky":false,"template":"","format":"standard","meta":[],"categories":[11],"tags":[],"post_mailing_queue_ids":[],"_links":{"self":[{"href":"https:\/\/redalforja.org.gt\/mediateca\/wp-json\/wp\/v2\/posts\/380"}],"collection":[{"href":"https:\/\/redalforja.org.gt\/mediateca\/wp-json\/wp\/v2\/posts"}],"about":[{"href":"https:\/\/redalforja.org.gt\/mediateca\/wp-json\/wp\/v2\/types\/post"}],"author":[{"embeddable":true,"href":"https:\/\/redalforja.org.gt\/mediateca\/wp-json\/wp\/v2\/users\/3"}],"replies":[{"embeddable":true,"href":"https:\/\/redalforja.org.gt\/mediateca\/wp-json\/wp\/v2\/comments?post=380"}],"version-history":[{"count":2,"href":"https:\/\/redalforja.org.gt\/mediateca\/wp-json\/wp\/v2\/posts\/380\/revisions"}],"predecessor-version":[{"id":383,"href":"https:\/\/redalforja.org.gt\/mediateca\/wp-json\/wp\/v2\/posts\/380\/revisions\/383"}],"wp:featuredmedia":[{"embeddable":true,"href":"https:\/\/redalforja.org.gt\/mediateca\/wp-json\/wp\/v2\/media\/381"}],"wp:attachment":[{"href":"https:\/\/redalforja.org.gt\/mediateca\/wp-json\/wp\/v2\/media?parent=380"}],"wp:term":[{"taxonomy":"category","embeddable":true,"href":"https:\/\/redalforja.org.gt\/mediateca\/wp-json\/wp\/v2\/categories?post=380"},{"taxonomy":"post_tag","embeddable":true,"href":"https:\/\/redalforja.org.gt\/mediateca\/wp-json\/wp\/v2\/tags?post=380"}],"curies":[{"name":"wp","href":"https:\/\/api.w.org\/{rel}","templated":true}]}}