{"id":359,"date":"2018-05-06T05:13:42","date_gmt":"2018-05-06T05:13:42","guid":{"rendered":"https:\/\/redalforja.org.gt\/mediateca\/?p=359"},"modified":"2022-07-27T06:11:03","modified_gmt":"2022-07-27T06:11:03","slug":"los-gobiernos-progresistas-y-de-izquierda-en-america-latina-apuntes-para-un-debate-y-un-balance-necesarios-antologia-documento","status":"publish","type":"post","link":"https:\/\/redalforja.org.gt\/mediateca\/2018\/05\/06\/los-gobiernos-progresistas-y-de-izquierda-en-america-latina-apuntes-para-un-debate-y-un-balance-necesarios-antologia-documento\/","title":{"rendered":"Los gobiernos progresistas y de izquierda en Am\u00e9rica Latina: apuntes para un debate y un balance necesarios &#8211; Antolog\u00eda (Documento)"},"content":{"rendered":"<p>Con catorce ensayos elaborados por solicitud del compilador a dirigentes e intelectuales org\u00e1nicos, hombres y mujeres, de la gran familia que todos los a\u00f1os se re\u00fane en este evento, desde su primera edici\u00f3n en febrero de 1997, ofrecemos a nuestras lectoras y lectores una visi\u00f3n panor\u00e1mica de la situaci\u00f3n y perspectivas de los gobiernos y las fuerzas pol\u00edticas progresistas y de izquierda de nuestra regi\u00f3n, que hoy enfrentan con firmeza la ofensiva de las fuerzas imperialistas y reaccionarias que, por todos los medios, buscan desplazarlas de los espacios institucionales conquistados por los pueblos a lo largo de las \u00faltimas d\u00e9cadas, con el oscuro prop\u00f3sito de restablecer el monopolio del poder pol\u00edtico que hist\u00f3ricamente ejercieron, para su exclusivo beneficio y en detrimento de las grandes mayor\u00edas y minor\u00edas oprimidas.<!--more--><\/p>\n<p>\u00a0<\/p>\n\n\n<p><a href=\"https:\/\/drive.google.com\/file\/d\/1CFBV6Q0AVxD9ScIU_x_XniK6Xq86kmTw\/view?usp=sharing\">Leer texto completo\u00a0<\/a><\/p>\n","protected":false},"excerpt":{"rendered":"<p>Con catorce ensayos elaborados por solicitud del compilador a dirigentes e intelectuales org\u00e1nicos, hombres y mujeres, de la gran familia que todos los a\u00f1os se re\u00fane en este evento, desde&#8230; <a href=\"https:\/\/redalforja.org.gt\/mediateca\/2018\/05\/06\/los-gobiernos-progresistas-y-de-izquierda-en-america-latina-apuntes-para-un-debate-y-un-balance-necesarios-antologia-documento\/\">Leer m\u00e1s &raquo;<\/a><\/p>\n","protected":false},"author":3,"featured_media":361,"comment_status":"open","ping_status":"closed","sticky":false,"template":"","format":"standard","meta":[],"categories":[11],"tags":[],"post_mailing_queue_ids":[],"_links":{"self":[{"href":"https:\/\/redalforja.org.gt\/mediateca\/wp-json\/wp\/v2\/posts\/359"}],"collection":[{"href":"https:\/\/redalforja.org.gt\/mediateca\/wp-json\/wp\/v2\/posts"}],"about":[{"href":"https:\/\/redalforja.org.gt\/mediateca\/wp-json\/wp\/v2\/types\/post"}],"author":[{"embeddable":true,"href":"https:\/\/redalforja.org.gt\/mediateca\/wp-json\/wp\/v2\/users\/3"}],"replies":[{"embeddable":true,"href":"https:\/\/redalforja.org.gt\/mediateca\/wp-json\/wp\/v2\/comments?post=359"}],"version-history":[{"count":3,"href":"https:\/\/redalforja.org.gt\/mediateca\/wp-json\/wp\/v2\/posts\/359\/revisions"}],"predecessor-version":[{"id":1537,"href":"https:\/\/redalforja.org.gt\/mediateca\/wp-json\/wp\/v2\/posts\/359\/revisions\/1537"}],"wp:featuredmedia":[{"embeddable":true,"href":"https:\/\/redalforja.org.gt\/mediateca\/wp-json\/wp\/v2\/media\/361"}],"wp:attachment":[{"href":"https:\/\/redalforja.org.gt\/mediateca\/wp-json\/wp\/v2\/media?parent=359"}],"wp:term":[{"taxonomy":"category","embeddable":true,"href":"https:\/\/redalforja.org.gt\/mediateca\/wp-json\/wp\/v2\/categories?post=359"},{"taxonomy":"post_tag","embeddable":true,"href":"https:\/\/redalforja.org.gt\/mediateca\/wp-json\/wp\/v2\/tags?post=359"}],"curies":[{"name":"wp","href":"https:\/\/api.w.org\/{rel}","templated":true}]}}