{"id":355,"date":"2018-05-06T05:09:13","date_gmt":"2018-05-06T05:09:13","guid":{"rendered":"https:\/\/redalforja.org.gt\/mediateca\/?p=355"},"modified":"2022-07-27T06:12:14","modified_gmt":"2022-07-27T06:12:14","slug":"territorios-en-disputa-documento","status":"publish","type":"post","link":"https:\/\/redalforja.org.gt\/mediateca\/2018\/05\/06\/territorios-en-disputa-documento\/","title":{"rendered":"TERRITORIOS EN DISPUTA (Documento)"},"content":{"rendered":"<p>\u00a0<\/p>\n<p>Este libro nace de una urgencia. Desde hace m\u00e1s de una d\u00e9cada, en Am\u00e9rica Latina inici\u00f3 un nuevo ciclo de despojo en contra de los\u00a0pueblos y de las comunidades. Hemos sido testigos, a lo largo de este tiempo, de la fuerza con que el Estado ha golpeado, torturado, y asesinado a muchos de quienes han luchado en contra de la contaminaci\u00f3n y del robo de sus tierras, de sus bosques, de sus selvas, de sus r\u00edos. Hemos compartido estas experiencias de dolor con compa\u00f1eros y compa\u00f1eras de comunidades y organizaciones con quienes caminamos y luchamos.<!--more--><br \/>Desde este lugar, el discurso rampante del desarrollo, que se anuncia con bombo y platillo en las altas c\u00fapulas gubernamentales, tanto de la izquierda como de la derecha latinoamericana, se escucha como un ruido ensordecedor, de m\u00e1quinas, de \u00e1rboles que caen, de r\u00edos que se agotan, de animales que lloran y de familias angustiadas. Se trata de un problema que tiene una historia detr\u00e1s, por lo menos de m\u00e1s de quinientos a\u00f1os.<\/p>\n<p>\u00a0<\/p>\n\n\n<p>Leer texto completo\u00a0<\/p>\n","protected":false},"excerpt":{"rendered":"<p>\u00a0 Este libro nace de una urgencia. Desde hace m\u00e1s de una d\u00e9cada, en Am\u00e9rica Latina inici\u00f3 un nuevo ciclo de despojo en contra de los\u00a0pueblos y de las comunidades&#8230;. <a href=\"https:\/\/redalforja.org.gt\/mediateca\/2018\/05\/06\/territorios-en-disputa-documento\/\">Leer m\u00e1s &raquo;<\/a><\/p>\n","protected":false},"author":3,"featured_media":357,"comment_status":"open","ping_status":"closed","sticky":false,"template":"","format":"standard","meta":[],"categories":[7],"tags":[],"post_mailing_queue_ids":[],"_links":{"self":[{"href":"https:\/\/redalforja.org.gt\/mediateca\/wp-json\/wp\/v2\/posts\/355"}],"collection":[{"href":"https:\/\/redalforja.org.gt\/mediateca\/wp-json\/wp\/v2\/posts"}],"about":[{"href":"https:\/\/redalforja.org.gt\/mediateca\/wp-json\/wp\/v2\/types\/post"}],"author":[{"embeddable":true,"href":"https:\/\/redalforja.org.gt\/mediateca\/wp-json\/wp\/v2\/users\/3"}],"replies":[{"embeddable":true,"href":"https:\/\/redalforja.org.gt\/mediateca\/wp-json\/wp\/v2\/comments?post=355"}],"version-history":[{"count":3,"href":"https:\/\/redalforja.org.gt\/mediateca\/wp-json\/wp\/v2\/posts\/355\/revisions"}],"predecessor-version":[{"id":1539,"href":"https:\/\/redalforja.org.gt\/mediateca\/wp-json\/wp\/v2\/posts\/355\/revisions\/1539"}],"wp:featuredmedia":[{"embeddable":true,"href":"https:\/\/redalforja.org.gt\/mediateca\/wp-json\/wp\/v2\/media\/357"}],"wp:attachment":[{"href":"https:\/\/redalforja.org.gt\/mediateca\/wp-json\/wp\/v2\/media?parent=355"}],"wp:term":[{"taxonomy":"category","embeddable":true,"href":"https:\/\/redalforja.org.gt\/mediateca\/wp-json\/wp\/v2\/categories?post=355"},{"taxonomy":"post_tag","embeddable":true,"href":"https:\/\/redalforja.org.gt\/mediateca\/wp-json\/wp\/v2\/tags?post=355"}],"curies":[{"name":"wp","href":"https:\/\/api.w.org\/{rel}","templated":true}]}}