{"id":335,"date":"2018-05-06T04:41:33","date_gmt":"2018-05-06T04:41:33","guid":{"rendered":"https:\/\/redalforja.org.gt\/mediateca\/?p=335"},"modified":"2022-07-27T06:47:56","modified_gmt":"2022-07-27T06:47:56","slug":"comunalidad-y-desarrollo-documento","status":"publish","type":"post","link":"https:\/\/redalforja.org.gt\/mediateca\/2018\/05\/06\/comunalidad-y-desarrollo-documento\/","title":{"rendered":"Comunalidad y desarrollo (Documento)"},"content":{"rendered":"<p>Comunalidad y desarrollo son dos conceptos en contradicci\u00f3n permanente, que se vive en t\u00e9rminos lineales. Al primero se le ha tratado de apagar por representar la resistencia de lo propio, mientras que el segundo ha sido un instrumento de ataque permanente, pues no ha existido sociedad que no haya padecido el enfrentamiento de fuerzas sociales, pol\u00edticas, econ\u00f3micas, culturales, religiosas y militares. La reproducci\u00f3n de sociedades peque\u00f1as se debe a su energ\u00eda interna, la que se sustenta en la tierra, en la organizaci\u00f3n y en el lenguaje. Con el presente texto deseamos contribuir, desde la sierra zapoteca, al debate en torno a esta contradicci\u00f3n.<!--more--><\/p>\n<p>\u00a0<\/p>\n\n\n<p><a href=\"https:\/\/drive.google.com\/file\/d\/1Zhq5_po7Qqvoe5qQIGoK6lCRL-ZKwCIX\/view?usp=sharing\">Leer texto completo\u00a0<\/a><\/p>\n","protected":false},"excerpt":{"rendered":"<p>Comunalidad y desarrollo son dos conceptos en contradicci\u00f3n permanente, que se vive en t\u00e9rminos lineales. Al primero se le ha tratado de apagar por representar la resistencia de lo propio,&#8230; <a href=\"https:\/\/redalforja.org.gt\/mediateca\/2018\/05\/06\/comunalidad-y-desarrollo-documento\/\">Leer m\u00e1s &raquo;<\/a><\/p>\n","protected":false},"author":3,"featured_media":337,"comment_status":"open","ping_status":"closed","sticky":false,"template":"","format":"standard","meta":[],"categories":[4,7],"tags":[],"post_mailing_queue_ids":[],"_links":{"self":[{"href":"https:\/\/redalforja.org.gt\/mediateca\/wp-json\/wp\/v2\/posts\/335"}],"collection":[{"href":"https:\/\/redalforja.org.gt\/mediateca\/wp-json\/wp\/v2\/posts"}],"about":[{"href":"https:\/\/redalforja.org.gt\/mediateca\/wp-json\/wp\/v2\/types\/post"}],"author":[{"embeddable":true,"href":"https:\/\/redalforja.org.gt\/mediateca\/wp-json\/wp\/v2\/users\/3"}],"replies":[{"embeddable":true,"href":"https:\/\/redalforja.org.gt\/mediateca\/wp-json\/wp\/v2\/comments?post=335"}],"version-history":[{"count":4,"href":"https:\/\/redalforja.org.gt\/mediateca\/wp-json\/wp\/v2\/posts\/335\/revisions"}],"predecessor-version":[{"id":1551,"href":"https:\/\/redalforja.org.gt\/mediateca\/wp-json\/wp\/v2\/posts\/335\/revisions\/1551"}],"wp:featuredmedia":[{"embeddable":true,"href":"https:\/\/redalforja.org.gt\/mediateca\/wp-json\/wp\/v2\/media\/337"}],"wp:attachment":[{"href":"https:\/\/redalforja.org.gt\/mediateca\/wp-json\/wp\/v2\/media?parent=335"}],"wp:term":[{"taxonomy":"category","embeddable":true,"href":"https:\/\/redalforja.org.gt\/mediateca\/wp-json\/wp\/v2\/categories?post=335"},{"taxonomy":"post_tag","embeddable":true,"href":"https:\/\/redalforja.org.gt\/mediateca\/wp-json\/wp\/v2\/tags?post=335"}],"curies":[{"name":"wp","href":"https:\/\/api.w.org\/{rel}","templated":true}]}}