{"id":32,"date":"2017-11-16T19:17:03","date_gmt":"2017-11-16T19:17:03","guid":{"rendered":"https:\/\/redalforja.org.gt\/mediateca\/?p=32"},"modified":"2022-07-27T16:20:15","modified_gmt":"2022-07-27T16:20:15","slug":"las-relaciones-de-poder-documento","status":"publish","type":"post","link":"https:\/\/redalforja.org.gt\/mediateca\/2017\/11\/16\/las-relaciones-de-poder-documento\/","title":{"rendered":"Las relaciones de poder (documento)"},"content":{"rendered":"<p>El ejercicio del poder se expresa muchas veces en las diferenciaci\u00f3n social, cultural, econ\u00f3mico o pol\u00edtico de los sujetos sociales. Esta diferenciaci\u00f3n genera la posibilidad de facilitar o dificultar la vida de las y los dem\u00e1s y el acceso a los bienes, a los recursos, etc.<!--more--><\/p>\n<p>Todas las personas ejercemos poder de una u otra manera, pero a veces solo reconocemos las fuentes m\u00e1s obvias de poder como el dinero, el tama\u00f1o, el conocimiento, la informaci\u00f3n, la naturaleza, etc. Pero en nuestras relaciones humanas existe una diversidad de fuentes de poder, que no son obvias o siempre reconocidas, como el amor, la organizaci\u00f3n, la unidad, etc.<\/p>\n<p>Este documento fue elaborado por el Equipo de Educaci\u00f3n FUNPROCOOP.<\/p>\n<p>\u00a0<\/p>\n\n\n<p><a href=\"https:\/\/drive.google.com\/file\/d\/1SVxPCldkZwa8I3Tz_Oo8i9CTTrFe2riQ\/view?usp=sharing\">Leer documento completo\u00a0<\/a><\/p>\n","protected":false},"excerpt":{"rendered":"<p>El ejercicio del poder se expresa muchas veces en las diferenciaci\u00f3n social, cultural, econ\u00f3mico o pol\u00edtico de los sujetos sociales. Esta diferenciaci\u00f3n genera la posibilidad de facilitar o dificultar la&#8230; <a href=\"https:\/\/redalforja.org.gt\/mediateca\/2017\/11\/16\/las-relaciones-de-poder-documento\/\">Leer m\u00e1s &raquo;<\/a><\/p>\n","protected":false},"author":3,"featured_media":33,"comment_status":"open","ping_status":"closed","sticky":false,"template":"","format":"standard","meta":[],"categories":[4],"tags":[],"post_mailing_queue_ids":[],"_links":{"self":[{"href":"https:\/\/redalforja.org.gt\/mediateca\/wp-json\/wp\/v2\/posts\/32"}],"collection":[{"href":"https:\/\/redalforja.org.gt\/mediateca\/wp-json\/wp\/v2\/posts"}],"about":[{"href":"https:\/\/redalforja.org.gt\/mediateca\/wp-json\/wp\/v2\/types\/post"}],"author":[{"embeddable":true,"href":"https:\/\/redalforja.org.gt\/mediateca\/wp-json\/wp\/v2\/users\/3"}],"replies":[{"embeddable":true,"href":"https:\/\/redalforja.org.gt\/mediateca\/wp-json\/wp\/v2\/comments?post=32"}],"version-history":[{"count":5,"href":"https:\/\/redalforja.org.gt\/mediateca\/wp-json\/wp\/v2\/posts\/32\/revisions"}],"predecessor-version":[{"id":1645,"href":"https:\/\/redalforja.org.gt\/mediateca\/wp-json\/wp\/v2\/posts\/32\/revisions\/1645"}],"wp:featuredmedia":[{"embeddable":true,"href":"https:\/\/redalforja.org.gt\/mediateca\/wp-json\/wp\/v2\/media\/33"}],"wp:attachment":[{"href":"https:\/\/redalforja.org.gt\/mediateca\/wp-json\/wp\/v2\/media?parent=32"}],"wp:term":[{"taxonomy":"category","embeddable":true,"href":"https:\/\/redalforja.org.gt\/mediateca\/wp-json\/wp\/v2\/categories?post=32"},{"taxonomy":"post_tag","embeddable":true,"href":"https:\/\/redalforja.org.gt\/mediateca\/wp-json\/wp\/v2\/tags?post=32"}],"curies":[{"name":"wp","href":"https:\/\/api.w.org\/{rel}","templated":true}]}}