{"id":305,"date":"2018-01-17T23:32:17","date_gmt":"2018-01-17T23:32:17","guid":{"rendered":"https:\/\/redalforja.org.gt\/mediateca\/?p=305"},"modified":"2018-07-12T19:55:49","modified_gmt":"2018-07-12T19:55:49","slug":"sistematizacion-de-la-escuela-mesoamericana-en-movimiento-documento-2","status":"publish","type":"post","link":"https:\/\/redalforja.org.gt\/mediateca\/2018\/01\/17\/sistematizacion-de-la-escuela-mesoamericana-en-movimiento-documento-2\/","title":{"rendered":"Sistematizaci\u00f3n de la Escuela Mesoamericana en Movimiento &#8211; (Documento)"},"content":{"rendered":"<p>Esta sistematizaci\u00f3n ha sido realizada a petici\u00f3n del CEAAL, con el objetivo de poder compartir algunos aprendizajes y conocimientos producidos desde la experiencia de formaci\u00f3n que la Red Alforja, tambi\u00e9n miembra del CEAAL, ha venido impulsando en alianza con movimientos que luchan por la defensa de los territorios en la regi\u00f3n mesoamericana.<!--more--><br \/>\nPara realizar esta sistematizaci\u00f3n, se realiz\u00f3 una revisi\u00f3n de los documentos producidos por esta experiencia (memorias, evaluaciones de los participantes, videos y otros). Tambi\u00e9n se realizaron una serie de entrevistas a participantes de diferentes cursos, a facilitadores\/as de la Escuela, y a Ana Bickel, que es el enlace coordinaci\u00f3n de la Red Alforja. Finalmente se realiz\u00f3 un primer documento que recupera los principales momentos del proceso de la escuela. Este fue enriquecido con conceptos elaborados durante la experiencia, reflexiones de los participantes alrededor de algunos aspectos de los ejes de sistematizaci\u00f3n, para finalmente concluir con algunas lecciones aprendidas, pistas y recomendaciones\/desaf\u00edos a futuro.<br \/>\nNo se trata de un proceso finalizado, pero creemos que es lo suficiente rico en reflexiones y aprendizajes, que merecen ser compartidas con educadores\/as populares y movimientos, para aportar a sus debates y b\u00fasquedas en este camino de la liberaci\u00f3n de los territorios de nuestra Mesoam\u00e9rica y de toda Abya Yala.<\/p>\n<p><a href=\"https:\/\/redalforja.org.gt\/wp-content\/uploads\/2017\/04\/Sistematizacion-Escuela-Mesoamericana-en-Movimiento.pdf\">Puede descargar el documento aqu\u00ed.<\/a><\/p>\n","protected":false},"excerpt":{"rendered":"<p>Esta sistematizaci\u00f3n ha sido realizada a petici\u00f3n del CEAAL, con el objetivo de poder compartir algunos aprendizajes y conocimientos producidos desde la experiencia de formaci\u00f3n que la Red Alforja, tambi\u00e9n&#8230; <a href=\"https:\/\/redalforja.org.gt\/mediateca\/2018\/01\/17\/sistematizacion-de-la-escuela-mesoamericana-en-movimiento-documento-2\/\">Leer m\u00e1s &raquo;<\/a><\/p>\n","protected":false},"author":3,"featured_media":306,"comment_status":"open","ping_status":"closed","sticky":false,"template":"","format":"standard","meta":[],"categories":[12,5,25,3],"tags":[],"post_mailing_queue_ids":[],"_links":{"self":[{"href":"https:\/\/redalforja.org.gt\/mediateca\/wp-json\/wp\/v2\/posts\/305"}],"collection":[{"href":"https:\/\/redalforja.org.gt\/mediateca\/wp-json\/wp\/v2\/posts"}],"about":[{"href":"https:\/\/redalforja.org.gt\/mediateca\/wp-json\/wp\/v2\/types\/post"}],"author":[{"embeddable":true,"href":"https:\/\/redalforja.org.gt\/mediateca\/wp-json\/wp\/v2\/users\/3"}],"replies":[{"embeddable":true,"href":"https:\/\/redalforja.org.gt\/mediateca\/wp-json\/wp\/v2\/comments?post=305"}],"version-history":[{"count":1,"href":"https:\/\/redalforja.org.gt\/mediateca\/wp-json\/wp\/v2\/posts\/305\/revisions"}],"predecessor-version":[{"id":307,"href":"https:\/\/redalforja.org.gt\/mediateca\/wp-json\/wp\/v2\/posts\/305\/revisions\/307"}],"wp:featuredmedia":[{"embeddable":true,"href":"https:\/\/redalforja.org.gt\/mediateca\/wp-json\/wp\/v2\/media\/306"}],"wp:attachment":[{"href":"https:\/\/redalforja.org.gt\/mediateca\/wp-json\/wp\/v2\/media?parent=305"}],"wp:term":[{"taxonomy":"category","embeddable":true,"href":"https:\/\/redalforja.org.gt\/mediateca\/wp-json\/wp\/v2\/categories?post=305"},{"taxonomy":"post_tag","embeddable":true,"href":"https:\/\/redalforja.org.gt\/mediateca\/wp-json\/wp\/v2\/tags?post=305"}],"curies":[{"name":"wp","href":"https:\/\/api.w.org\/{rel}","templated":true}]}}