{"id":294,"date":"2018-01-17T23:19:09","date_gmt":"2018-01-17T23:19:09","guid":{"rendered":"https:\/\/redalforja.org.gt\/mediateca\/?p=294"},"modified":"2022-07-27T06:53:06","modified_gmt":"2022-07-27T06:53:06","slug":"294","status":"publish","type":"post","link":"https:\/\/redalforja.org.gt\/mediateca\/2018\/01\/17\/294\/","title":{"rendered":"Diccionario Paulo Freire &#8211; (Documento)"},"content":{"rendered":"<p>El \u00abDiccionario Paulo Freire\u00bb compila 230 art\u00edculos en torno a palabras generadoras presentes en la obra\u00a0 Paulo Freire, es una invitaci\u00f3n a reflexionar y abrir nuevos espacios de di\u00e1logo en torno no s\u00f3lo de los aportes de\u00a0 Freire a la educaci\u00f3n, sino el desaf\u00edo que \u00e9l mismo plante\u00f3 el d\u00eda de la creaci\u00f3n del Instituto Paulo Freire en Sao Paulo; \u00a8No quiero que me repitan, quiero que me reinventen\u00a8.<!--more--><\/p>\n<p>\u00a0<\/p>\n\n\n<p><a href=\"https:\/\/drive.google.com\/file\/d\/1hpDpzcLkV3WkrwaTM97Q1qXokmn3xs9m\/view?usp=sharing\">Leer texto completo\u00a0<\/a><\/p>\n","protected":false},"excerpt":{"rendered":"<p>El \u00abDiccionario Paulo Freire\u00bb compila 230 art\u00edculos en torno a palabras generadoras presentes en la obra\u00a0 Paulo Freire, es una invitaci\u00f3n a reflexionar y abrir nuevos espacios de di\u00e1logo en&#8230; <a href=\"https:\/\/redalforja.org.gt\/mediateca\/2018\/01\/17\/294\/\">Leer m\u00e1s &raquo;<\/a><\/p>\n","protected":false},"author":3,"featured_media":295,"comment_status":"open","ping_status":"closed","sticky":false,"template":"","format":"standard","meta":[],"categories":[13,6],"tags":[],"post_mailing_queue_ids":[],"_links":{"self":[{"href":"https:\/\/redalforja.org.gt\/mediateca\/wp-json\/wp\/v2\/posts\/294"}],"collection":[{"href":"https:\/\/redalforja.org.gt\/mediateca\/wp-json\/wp\/v2\/posts"}],"about":[{"href":"https:\/\/redalforja.org.gt\/mediateca\/wp-json\/wp\/v2\/types\/post"}],"author":[{"embeddable":true,"href":"https:\/\/redalforja.org.gt\/mediateca\/wp-json\/wp\/v2\/users\/3"}],"replies":[{"embeddable":true,"href":"https:\/\/redalforja.org.gt\/mediateca\/wp-json\/wp\/v2\/comments?post=294"}],"version-history":[{"count":6,"href":"https:\/\/redalforja.org.gt\/mediateca\/wp-json\/wp\/v2\/posts\/294\/revisions"}],"predecessor-version":[{"id":1560,"href":"https:\/\/redalforja.org.gt\/mediateca\/wp-json\/wp\/v2\/posts\/294\/revisions\/1560"}],"wp:featuredmedia":[{"embeddable":true,"href":"https:\/\/redalforja.org.gt\/mediateca\/wp-json\/wp\/v2\/media\/295"}],"wp:attachment":[{"href":"https:\/\/redalforja.org.gt\/mediateca\/wp-json\/wp\/v2\/media?parent=294"}],"wp:term":[{"taxonomy":"category","embeddable":true,"href":"https:\/\/redalforja.org.gt\/mediateca\/wp-json\/wp\/v2\/categories?post=294"},{"taxonomy":"post_tag","embeddable":true,"href":"https:\/\/redalforja.org.gt\/mediateca\/wp-json\/wp\/v2\/tags?post=294"}],"curies":[{"name":"wp","href":"https:\/\/api.w.org\/{rel}","templated":true}]}}