{"id":291,"date":"2018-01-17T23:14:45","date_gmt":"2018-01-17T23:14:45","guid":{"rendered":"https:\/\/redalforja.org.gt\/mediateca\/?p=291"},"modified":"2022-07-27T06:54:00","modified_gmt":"2022-07-27T06:54:00","slug":"experiencias-de-organizacion-y-resistencia-de-movimientos-antirepresas-en-el-salvador-guatemala-y-panama-documento","status":"publish","type":"post","link":"https:\/\/redalforja.org.gt\/mediateca\/2018\/01\/17\/experiencias-de-organizacion-y-resistencia-de-movimientos-antirepresas-en-el-salvador-guatemala-y-panama-documento\/","title":{"rendered":"EXPERIENCIAS DE ORGANIZACI\u00d3N Y RESISTENCIA DE MOVIMIENTOS ANTIREPRESAS EN EL SALVADOR, GUATEMALA Y PANAM\u00c1. &#8211; (Documento)"},"content":{"rendered":"<p>El presente documento se ha elaborado a partir de las sistematizaci\u00f3n que se ha estado realizando en El Salvador acompa\u00f1ado por la FUNPROCOOP, en Guatemala acompa\u00f1ado por SERJUS, en Panam\u00e1 acompa\u00f1ado por CEASPA, este proceso se ha realizado junto con personas que han participado en el Movimiento Nacional Antirepresas de El Salvador (MONARES), el Frente Guatemalteco de Afectados y Amenazados por Represas y en Defensa del Agua (FGARDA), las comunidades afectadas por la construcci\u00f3n de hidroel\u00e9ctricas de Panam\u00e1 y el movimiento social que se ha formado a partir de ello.<!--more--><br \/>El inter\u00e9s por sistematizar las experiencias vividas dentro de estos movimientos surge en el IV Encuentro Mesoamericano llevado a cabo en El Salvador en el a\u00f1o 2007, en el que integrantes del Movimiento Latinoamericano Antirepresas de M\u00e9xico, Brasil y Centroam\u00e9rica acordaron reflexionar sobre dichas experiencias para recuperar los aprendizajes y desaf\u00edos que este proceso representa para las comunidades afectadas, los movimientos sociales que se han consolidado a partir de ello y de las organizaciones civiles que los acompa\u00f1an.<\/p>\n\n\n<p><a href=\"https:\/\/drive.google.com\/file\/d\/1DK_nlQclwNv50Q9ghm4t-Skb1PjRH_2_\/view?usp=sharing\">Leer texto completo\u00a0<\/a><\/p>\n","protected":false},"excerpt":{"rendered":"<p>El presente documento se ha elaborado a partir de las sistematizaci\u00f3n que se ha estado realizando en El Salvador acompa\u00f1ado por la FUNPROCOOP, en Guatemala acompa\u00f1ado por SERJUS, en Panam\u00e1&#8230; <a href=\"https:\/\/redalforja.org.gt\/mediateca\/2018\/01\/17\/experiencias-de-organizacion-y-resistencia-de-movimientos-antirepresas-en-el-salvador-guatemala-y-panama-documento\/\">Leer m\u00e1s &raquo;<\/a><\/p>\n","protected":false},"author":3,"featured_media":292,"comment_status":"open","ping_status":"closed","sticky":false,"template":"","format":"standard","meta":[],"categories":[7,19,25,3],"tags":[],"post_mailing_queue_ids":[],"_links":{"self":[{"href":"https:\/\/redalforja.org.gt\/mediateca\/wp-json\/wp\/v2\/posts\/291"}],"collection":[{"href":"https:\/\/redalforja.org.gt\/mediateca\/wp-json\/wp\/v2\/posts"}],"about":[{"href":"https:\/\/redalforja.org.gt\/mediateca\/wp-json\/wp\/v2\/types\/post"}],"author":[{"embeddable":true,"href":"https:\/\/redalforja.org.gt\/mediateca\/wp-json\/wp\/v2\/users\/3"}],"replies":[{"embeddable":true,"href":"https:\/\/redalforja.org.gt\/mediateca\/wp-json\/wp\/v2\/comments?post=291"}],"version-history":[{"count":4,"href":"https:\/\/redalforja.org.gt\/mediateca\/wp-json\/wp\/v2\/posts\/291\/revisions"}],"predecessor-version":[{"id":1562,"href":"https:\/\/redalforja.org.gt\/mediateca\/wp-json\/wp\/v2\/posts\/291\/revisions\/1562"}],"wp:featuredmedia":[{"embeddable":true,"href":"https:\/\/redalforja.org.gt\/mediateca\/wp-json\/wp\/v2\/media\/292"}],"wp:attachment":[{"href":"https:\/\/redalforja.org.gt\/mediateca\/wp-json\/wp\/v2\/media?parent=291"}],"wp:term":[{"taxonomy":"category","embeddable":true,"href":"https:\/\/redalforja.org.gt\/mediateca\/wp-json\/wp\/v2\/categories?post=291"},{"taxonomy":"post_tag","embeddable":true,"href":"https:\/\/redalforja.org.gt\/mediateca\/wp-json\/wp\/v2\/tags?post=291"}],"curies":[{"name":"wp","href":"https:\/\/api.w.org\/{rel}","templated":true}]}}