{"id":29,"date":"2017-11-16T19:15:00","date_gmt":"2017-11-16T19:15:00","guid":{"rendered":"https:\/\/redalforja.org.gt\/mediateca\/?p=29"},"modified":"2022-07-27T16:21:43","modified_gmt":"2022-07-27T16:21:43","slug":"la-construccion-de-las-estrategias-documento","status":"publish","type":"post","link":"https:\/\/redalforja.org.gt\/mediateca\/2017\/11\/16\/la-construccion-de-las-estrategias-documento\/","title":{"rendered":"La construcci\u00f3n de las estrategias (documento)"},"content":{"rendered":"<p>Este documento nos plante que partiendo de la la claridad de nuestros nudos y aspiraciones, es v\u00e1lido preguntarnos c\u00f3mo construir nuestras estrategias, c\u00f3mo volver posible lo que parece imposible. Lo central de la dimensi\u00f3n pol\u00edtica, en el sentido amplio, tiene que ver con c\u00f3mo manejamos el poder para hacer las transformaciones que necesitamos, para ir m\u00e1s all\u00e1 y volver posible lo imposible.<\/p>\n<p><!--more--><\/p>\n<p>Por ello, todo an\u00e1lisis de la realidad y construcci\u00f3n de estrategias para actuar sobre esta, deben de mirarse desde las relaciones de poder que establecemos entre hombres, mujeres, grupos y con la naturaleza frente a la hegemon\u00eda construida desde el capitalismo, el colonialismo y el patriarcado.<\/p>\n<p>Esta visi\u00f3n tiene como base el m\u00e9todo marxista de an\u00e1lisis de la realidad desde la lucha de clases. Se trata de hacer una lectura del contexto y la correlaci\u00f3n de fuerza que tenemos para hacer los cambios e impulsar un proyecto de sociedad diferente.<\/p>\n<p>Este documento fue elaborado por el Equipo de la Red Alforja.<\/p>\n<p>\u00a0<\/p>\n\n\n<p><a href=\"https:\/\/drive.google.com\/file\/d\/1-TtUpY3XhJl_rPt-47cNh4CwYzpX89jA\/view?usp=sharing\">Leer documento completo\u00a0<\/a><\/p>\n","protected":false},"excerpt":{"rendered":"<p>Este documento nos plante que partiendo de la la claridad de nuestros nudos y aspiraciones, es v\u00e1lido preguntarnos c\u00f3mo construir nuestras estrategias, c\u00f3mo volver posible lo que parece imposible. Lo&#8230; <a href=\"https:\/\/redalforja.org.gt\/mediateca\/2017\/11\/16\/la-construccion-de-las-estrategias-documento\/\">Leer m\u00e1s &raquo;<\/a><\/p>\n","protected":false},"author":3,"featured_media":30,"comment_status":"open","ping_status":"closed","sticky":false,"template":"","format":"standard","meta":[],"categories":[5],"tags":[],"post_mailing_queue_ids":[],"_links":{"self":[{"href":"https:\/\/redalforja.org.gt\/mediateca\/wp-json\/wp\/v2\/posts\/29"}],"collection":[{"href":"https:\/\/redalforja.org.gt\/mediateca\/wp-json\/wp\/v2\/posts"}],"about":[{"href":"https:\/\/redalforja.org.gt\/mediateca\/wp-json\/wp\/v2\/types\/post"}],"author":[{"embeddable":true,"href":"https:\/\/redalforja.org.gt\/mediateca\/wp-json\/wp\/v2\/users\/3"}],"replies":[{"embeddable":true,"href":"https:\/\/redalforja.org.gt\/mediateca\/wp-json\/wp\/v2\/comments?post=29"}],"version-history":[{"count":5,"href":"https:\/\/redalforja.org.gt\/mediateca\/wp-json\/wp\/v2\/posts\/29\/revisions"}],"predecessor-version":[{"id":1647,"href":"https:\/\/redalforja.org.gt\/mediateca\/wp-json\/wp\/v2\/posts\/29\/revisions\/1647"}],"wp:featuredmedia":[{"embeddable":true,"href":"https:\/\/redalforja.org.gt\/mediateca\/wp-json\/wp\/v2\/media\/30"}],"wp:attachment":[{"href":"https:\/\/redalforja.org.gt\/mediateca\/wp-json\/wp\/v2\/media?parent=29"}],"wp:term":[{"taxonomy":"category","embeddable":true,"href":"https:\/\/redalforja.org.gt\/mediateca\/wp-json\/wp\/v2\/categories?post=29"},{"taxonomy":"post_tag","embeddable":true,"href":"https:\/\/redalforja.org.gt\/mediateca\/wp-json\/wp\/v2\/tags?post=29"}],"curies":[{"name":"wp","href":"https:\/\/api.w.org\/{rel}","templated":true}]}}