{"id":273,"date":"2018-01-17T22:47:58","date_gmt":"2018-01-17T22:47:58","guid":{"rendered":"https:\/\/redalforja.org.gt\/mediateca\/?p=273"},"modified":"2022-07-27T07:02:54","modified_gmt":"2022-07-27T07:02:54","slug":"la-interpretacion-critica-documento","status":"publish","type":"post","link":"https:\/\/redalforja.org.gt\/mediateca\/2018\/01\/17\/la-interpretacion-critica-documento\/","title":{"rendered":"LA INTERPRETACI\u00d3N CR\u00cdTICA &#8211; (Documento)"},"content":{"rendered":"<p>Este documento nos presenta la interpretaci\u00f3n cr\u00edtica como aquella interpretaci\u00f3n que va m\u00e1s all\u00e1 de la<br \/>apariencia de la realidad, que trata de penetrar adentro de la superficie de la experiencia, escarbando para descubrir lo que hay dentro. Es una reflexi\u00f3n profunda sobre la experiencia vivida que trata de explicar \u00bfPor qu\u00e9 fue as\u00ed y no de otra manera? \u00bfPor qu\u00e9 pas\u00f3 lo que pas\u00f3?<!--more--><\/p>\n<p>Esta reflexi\u00f3n se va dando de lo simple a lo complejo, desde el an\u00e1lisis de las diferentes partes de la experiencia, profundizando en cada una de estas partes, hasta llegar a una s\u00edntesis global que permite articular los diferentes elementos. Se trata de develar y explicitar todo lo que vamos descubriendo. Tambi\u00e9n se trata de construir los sentidos que tuvo la experiencia.<\/p>\n<p>\u00a0<\/p>\n\n\n<p><a href=\"https:\/\/drive.google.com\/file\/d\/1HXPv2VRJzsr9LviLd9LAi1G5_0XthTwF\/view?usp=sharing\">Leer texto completo\u00a0<\/a><\/p>\n","protected":false},"excerpt":{"rendered":"<p>Este documento nos presenta la interpretaci\u00f3n cr\u00edtica como aquella interpretaci\u00f3n que va m\u00e1s all\u00e1 de laapariencia de la realidad, que trata de penetrar adentro de la superficie de la experiencia,&#8230; <a href=\"https:\/\/redalforja.org.gt\/mediateca\/2018\/01\/17\/la-interpretacion-critica-documento\/\">Leer m\u00e1s &raquo;<\/a><\/p>\n","protected":false},"author":3,"featured_media":275,"comment_status":"open","ping_status":"closed","sticky":false,"template":"","format":"standard","meta":[],"categories":[25,3],"tags":[],"post_mailing_queue_ids":[],"_links":{"self":[{"href":"https:\/\/redalforja.org.gt\/mediateca\/wp-json\/wp\/v2\/posts\/273"}],"collection":[{"href":"https:\/\/redalforja.org.gt\/mediateca\/wp-json\/wp\/v2\/posts"}],"about":[{"href":"https:\/\/redalforja.org.gt\/mediateca\/wp-json\/wp\/v2\/types\/post"}],"author":[{"embeddable":true,"href":"https:\/\/redalforja.org.gt\/mediateca\/wp-json\/wp\/v2\/users\/3"}],"replies":[{"embeddable":true,"href":"https:\/\/redalforja.org.gt\/mediateca\/wp-json\/wp\/v2\/comments?post=273"}],"version-history":[{"count":3,"href":"https:\/\/redalforja.org.gt\/mediateca\/wp-json\/wp\/v2\/posts\/273\/revisions"}],"predecessor-version":[{"id":1574,"href":"https:\/\/redalforja.org.gt\/mediateca\/wp-json\/wp\/v2\/posts\/273\/revisions\/1574"}],"wp:featuredmedia":[{"embeddable":true,"href":"https:\/\/redalforja.org.gt\/mediateca\/wp-json\/wp\/v2\/media\/275"}],"wp:attachment":[{"href":"https:\/\/redalforja.org.gt\/mediateca\/wp-json\/wp\/v2\/media?parent=273"}],"wp:term":[{"taxonomy":"category","embeddable":true,"href":"https:\/\/redalforja.org.gt\/mediateca\/wp-json\/wp\/v2\/categories?post=273"},{"taxonomy":"post_tag","embeddable":true,"href":"https:\/\/redalforja.org.gt\/mediateca\/wp-json\/wp\/v2\/tags?post=273"}],"curies":[{"name":"wp","href":"https:\/\/api.w.org\/{rel}","templated":true}]}}