{"id":272,"date":"2018-01-17T22:54:38","date_gmt":"2018-01-17T22:54:38","guid":{"rendered":"https:\/\/redalforja.org.gt\/mediateca\/?p=272"},"modified":"2022-07-27T07:00:52","modified_gmt":"2022-07-27T07:00:52","slug":"condiciones-para-poder-sistematizar-documento","status":"publish","type":"post","link":"https:\/\/redalforja.org.gt\/mediateca\/2018\/01\/17\/condiciones-para-poder-sistematizar-documento\/","title":{"rendered":"Condiciones para poder sistematizar &#8211; (Documento)"},"content":{"rendered":"<p>Este texto nos expone como poner en pr\u00e1ctica la sistematizaci\u00f3n de experiencias, una vez abordados las propuestas existentes, proponiendo una conceptualizaci\u00f3n y tratando de explicar los fundamentos te\u00f3ricos-filos\u00f3ficos de dicha concepci\u00f3n, se presentan unas condiciones personales como institucionales que permitir\u00e1n o no realizar esta tarea.<!--more--><\/p>\n<p>\u00a0<\/p>\n\n\n<p><a href=\"https:\/\/drive.google.com\/file\/d\/1RrLFl5ipjTZzkt_bgbBnwSCBsp_kDEUt\/view?usp=sharing\">Leer texto completo\u00a0<\/a><\/p>\n","protected":false},"excerpt":{"rendered":"<p>Este texto nos expone como poner en pr\u00e1ctica la sistematizaci\u00f3n de experiencias, una vez abordados las propuestas existentes, proponiendo una conceptualizaci\u00f3n y tratando de explicar los fundamentos te\u00f3ricos-filos\u00f3ficos de dicha&#8230; <a href=\"https:\/\/redalforja.org.gt\/mediateca\/2018\/01\/17\/condiciones-para-poder-sistematizar-documento\/\">Leer m\u00e1s &raquo;<\/a><\/p>\n","protected":false},"author":3,"featured_media":278,"comment_status":"open","ping_status":"closed","sticky":false,"template":"","format":"standard","meta":[],"categories":[18,25,3],"tags":[],"post_mailing_queue_ids":[],"_links":{"self":[{"href":"https:\/\/redalforja.org.gt\/mediateca\/wp-json\/wp\/v2\/posts\/272"}],"collection":[{"href":"https:\/\/redalforja.org.gt\/mediateca\/wp-json\/wp\/v2\/posts"}],"about":[{"href":"https:\/\/redalforja.org.gt\/mediateca\/wp-json\/wp\/v2\/types\/post"}],"author":[{"embeddable":true,"href":"https:\/\/redalforja.org.gt\/mediateca\/wp-json\/wp\/v2\/users\/3"}],"replies":[{"embeddable":true,"href":"https:\/\/redalforja.org.gt\/mediateca\/wp-json\/wp\/v2\/comments?post=272"}],"version-history":[{"count":4,"href":"https:\/\/redalforja.org.gt\/mediateca\/wp-json\/wp\/v2\/posts\/272\/revisions"}],"predecessor-version":[{"id":1572,"href":"https:\/\/redalforja.org.gt\/mediateca\/wp-json\/wp\/v2\/posts\/272\/revisions\/1572"}],"wp:featuredmedia":[{"embeddable":true,"href":"https:\/\/redalforja.org.gt\/mediateca\/wp-json\/wp\/v2\/media\/278"}],"wp:attachment":[{"href":"https:\/\/redalforja.org.gt\/mediateca\/wp-json\/wp\/v2\/media?parent=272"}],"wp:term":[{"taxonomy":"category","embeddable":true,"href":"https:\/\/redalforja.org.gt\/mediateca\/wp-json\/wp\/v2\/categories?post=272"},{"taxonomy":"post_tag","embeddable":true,"href":"https:\/\/redalforja.org.gt\/mediateca\/wp-json\/wp\/v2\/tags?post=272"}],"curies":[{"name":"wp","href":"https:\/\/api.w.org\/{rel}","templated":true}]}}