{"id":269,"date":"2018-01-17T22:42:54","date_gmt":"2018-01-17T22:42:54","guid":{"rendered":"https:\/\/redalforja.org.gt\/mediateca\/?p=269"},"modified":"2022-07-27T07:04:17","modified_gmt":"2022-07-27T07:04:17","slug":"ideas-para-incorporar-el-pensamiento-complejo-en-la-practica-de-sistematizacion-de-experiencias-educativas-o-vivir-poeticamente-los-procesos-de-sistematizacion-documento","status":"publish","type":"post","link":"https:\/\/redalforja.org.gt\/mediateca\/2018\/01\/17\/ideas-para-incorporar-el-pensamiento-complejo-en-la-practica-de-sistematizacion-de-experiencias-educativas-o-vivir-poeticamente-los-procesos-de-sistematizacion-documento\/","title":{"rendered":"Ideas para incorporar el Pensamiento Complejo en la pr\u00e1ctica de Sistematizaci\u00f3n de Experiencias Educativas o Vivir po\u00e9ticamente los procesos de sistematizaci\u00f3n &#8211; (Documento)"},"content":{"rendered":"<p>Estas reflexiones apuntan a reconsiderar los fundamentos con los cuales impulsamos procesos de sistematizaci\u00f3n de experiencias. Estas ideas no colocan en entre dicho lo que en la Red Alforja hemos venido practicando y elaborando al respecto, m\u00e1s bien tienen por objetivo complementar y poner en evidencia posturas te\u00f3rico metodol\u00f3gicas que han inspirando diversos procesos de sistematizaci\u00f3n en estos \u00faltimos a\u00f1os en la regi\u00f3n centroamericana y en Costa Rica, desde el CEP Alforja.<!--more--><\/p>\n<p>\u00a0<\/p>\n\n\n<p><a href=\"https:\/\/drive.google.com\/file\/d\/1Hb8w6P0hbjf1NOIuScRWGIOWjwn2BCOH\/view?usp=sharing\">Leer texto completo\u00a0<\/a><\/p>\n","protected":false},"excerpt":{"rendered":"<p>Estas reflexiones apuntan a reconsiderar los fundamentos con los cuales impulsamos procesos de sistematizaci\u00f3n de experiencias. Estas ideas no colocan en entre dicho lo que en la Red Alforja hemos&#8230; <a href=\"https:\/\/redalforja.org.gt\/mediateca\/2018\/01\/17\/ideas-para-incorporar-el-pensamiento-complejo-en-la-practica-de-sistematizacion-de-experiencias-educativas-o-vivir-poeticamente-los-procesos-de-sistematizacion-documento\/\">Leer m\u00e1s &raquo;<\/a><\/p>\n","protected":false},"author":3,"featured_media":270,"comment_status":"open","ping_status":"closed","sticky":false,"template":"","format":"standard","meta":[],"categories":[3],"tags":[],"post_mailing_queue_ids":[],"_links":{"self":[{"href":"https:\/\/redalforja.org.gt\/mediateca\/wp-json\/wp\/v2\/posts\/269"}],"collection":[{"href":"https:\/\/redalforja.org.gt\/mediateca\/wp-json\/wp\/v2\/posts"}],"about":[{"href":"https:\/\/redalforja.org.gt\/mediateca\/wp-json\/wp\/v2\/types\/post"}],"author":[{"embeddable":true,"href":"https:\/\/redalforja.org.gt\/mediateca\/wp-json\/wp\/v2\/users\/3"}],"replies":[{"embeddable":true,"href":"https:\/\/redalforja.org.gt\/mediateca\/wp-json\/wp\/v2\/comments?post=269"}],"version-history":[{"count":4,"href":"https:\/\/redalforja.org.gt\/mediateca\/wp-json\/wp\/v2\/posts\/269\/revisions"}],"predecessor-version":[{"id":1576,"href":"https:\/\/redalforja.org.gt\/mediateca\/wp-json\/wp\/v2\/posts\/269\/revisions\/1576"}],"wp:featuredmedia":[{"embeddable":true,"href":"https:\/\/redalforja.org.gt\/mediateca\/wp-json\/wp\/v2\/media\/270"}],"wp:attachment":[{"href":"https:\/\/redalforja.org.gt\/mediateca\/wp-json\/wp\/v2\/media?parent=269"}],"wp:term":[{"taxonomy":"category","embeddable":true,"href":"https:\/\/redalforja.org.gt\/mediateca\/wp-json\/wp\/v2\/categories?post=269"},{"taxonomy":"post_tag","embeddable":true,"href":"https:\/\/redalforja.org.gt\/mediateca\/wp-json\/wp\/v2\/tags?post=269"}],"curies":[{"name":"wp","href":"https:\/\/api.w.org\/{rel}","templated":true}]}}