{"id":266,"date":"2018-01-17T22:39:59","date_gmt":"2018-01-17T22:39:59","guid":{"rendered":"https:\/\/redalforja.org.gt\/mediateca\/?p=266"},"modified":"2022-07-27T07:05:18","modified_gmt":"2022-07-27T07:05:18","slug":"el-aporte-de-la-sistematizacion-a-la-renovacion-teorico-practica-de-los-movimientos-sociales-documento","status":"publish","type":"post","link":"https:\/\/redalforja.org.gt\/mediateca\/2018\/01\/17\/el-aporte-de-la-sistematizacion-a-la-renovacion-teorico-practica-de-los-movimientos-sociales-documento\/","title":{"rendered":"EL APORTE DE LA SISTEMATIZACI\u00d3N A LA RENOVACI\u00d3N TE\u00d3RICO-PR\u00c1CTICA DE LOS MOVIMIENTOS SOCIALES  &#8211; (Documento)"},"content":{"rendered":"<p>Este documento nos presenta los avances en la puesta en pr\u00e1ctica de procesos de sistematizaci\u00f3n, de formas muy diversas -incluyendo las a\u00fan inimaginables- m\u00e1s elementos tendremos para respondernos las preguntas actuales, y mayores incentivos tendremos para ahondar en la reflexi\u00f3n te\u00f3rica y en la elaboraci\u00f3n de propuestas de futuro. Entre las experiencias m\u00e1s importantes que requieren ser sistematizadas, se encuentran los procesos educativos y organizativos de car\u00e1cter popular surgidos al calor de las din\u00e1micas.<!--more--><\/p>\n<p>Y nos llama a la acci\u00f3n sobre\u00a0 la necesidad de sistematizar experiencias de construcci\u00f3n de movimientos sociales y pol\u00edticos amplios, para rescatar lo innovador de sus formas y m\u00e9todos de organizaci\u00f3n e identificar nuevas maneras de pensar y hacer la pol\u00edtica, as\u00ed como de construir propuestas alternativas desde la perspectiva popular.<\/p>\n<p>\u00a0<\/p>\n\n\n<p><a href=\"https:\/\/drive.google.com\/file\/d\/1VyuFSWzvQVvs0fmg-5_6e61Q7JntIDFf\/view?usp=sharing\">Leer documento completo\u00a0<\/a><\/p>\n","protected":false},"excerpt":{"rendered":"<p>Este documento nos presenta los avances en la puesta en pr\u00e1ctica de procesos de sistematizaci\u00f3n, de formas muy diversas -incluyendo las a\u00fan inimaginables- m\u00e1s elementos tendremos para respondernos las preguntas&#8230; <a href=\"https:\/\/redalforja.org.gt\/mediateca\/2018\/01\/17\/el-aporte-de-la-sistematizacion-a-la-renovacion-teorico-practica-de-los-movimientos-sociales-documento\/\">Leer m\u00e1s &raquo;<\/a><\/p>\n","protected":false},"author":3,"featured_media":267,"comment_status":"open","ping_status":"closed","sticky":false,"template":"","format":"standard","meta":[],"categories":[5,3],"tags":[],"post_mailing_queue_ids":[],"_links":{"self":[{"href":"https:\/\/redalforja.org.gt\/mediateca\/wp-json\/wp\/v2\/posts\/266"}],"collection":[{"href":"https:\/\/redalforja.org.gt\/mediateca\/wp-json\/wp\/v2\/posts"}],"about":[{"href":"https:\/\/redalforja.org.gt\/mediateca\/wp-json\/wp\/v2\/types\/post"}],"author":[{"embeddable":true,"href":"https:\/\/redalforja.org.gt\/mediateca\/wp-json\/wp\/v2\/users\/3"}],"replies":[{"embeddable":true,"href":"https:\/\/redalforja.org.gt\/mediateca\/wp-json\/wp\/v2\/comments?post=266"}],"version-history":[{"count":4,"href":"https:\/\/redalforja.org.gt\/mediateca\/wp-json\/wp\/v2\/posts\/266\/revisions"}],"predecessor-version":[{"id":1578,"href":"https:\/\/redalforja.org.gt\/mediateca\/wp-json\/wp\/v2\/posts\/266\/revisions\/1578"}],"wp:featuredmedia":[{"embeddable":true,"href":"https:\/\/redalforja.org.gt\/mediateca\/wp-json\/wp\/v2\/media\/267"}],"wp:attachment":[{"href":"https:\/\/redalforja.org.gt\/mediateca\/wp-json\/wp\/v2\/media?parent=266"}],"wp:term":[{"taxonomy":"category","embeddable":true,"href":"https:\/\/redalforja.org.gt\/mediateca\/wp-json\/wp\/v2\/categories?post=266"},{"taxonomy":"post_tag","embeddable":true,"href":"https:\/\/redalforja.org.gt\/mediateca\/wp-json\/wp\/v2\/tags?post=266"}],"curies":[{"name":"wp","href":"https:\/\/api.w.org\/{rel}","templated":true}]}}