{"id":263,"date":"2018-01-17T22:34:15","date_gmt":"2018-01-17T22:34:15","guid":{"rendered":"https:\/\/redalforja.org.gt\/mediateca\/?p=263"},"modified":"2022-07-27T07:06:38","modified_gmt":"2022-07-27T07:06:38","slug":"mapeo-de-experiencias-de-educacion-popular-con-movimietos-sociales","status":"publish","type":"post","link":"https:\/\/redalforja.org.gt\/mediateca\/2018\/01\/17\/mapeo-de-experiencias-de-educacion-popular-con-movimietos-sociales\/","title":{"rendered":"Mapeo de experiencias de educaci\u00f3n popular con movimietos sociales"},"content":{"rendered":"<p>Este documento es un esfuerzo de la Comisi\u00f3n de Movimientos Sociales del Consejo de Educaci\u00f3n Popular de Am\u00e9rica Latina y el Caribe para aportar conocimiento sobre los procesos de formaci\u00f3n pol\u00edtica que se dan en Am\u00e9rica Latina con un enfoque de educaci\u00f3n popular.<!--more--><br \/>El presente estudio se realiza con el af\u00e1n de dar pistas que pueden orientar a los centros de educaci\u00f3n popular, tanto a los miembros del CEAAL como a otros, que quieren aportar a las transformaciones sociales que se generan desde los movimientos sociales.<br \/>El documento, incluye un an\u00e1lisis de diez entrevistas realizadas a movimientos sobre su experiencia de formaci\u00f3n pol\u00edtica, as\u00ed como un mapeo inicial de movimientos en Brasil, Per\u00fa, Argentina y Chile. Finalmente, esboza unas recomendaciones que pueden servir a la Comisi\u00f3n de Movimientos Sociales del CEAAL para cualificar a\u00fan m\u00e1s el aporte que dan a los procesos de transformaci\u00f3n.<\/p>\n<p>Elaborado por: Elena Freedman, Erick Tomasino e Israel Pay\u00e9s.<\/p>\n<p>\u00a0<\/p>\n\n\n<p><a href=\"https:\/\/drive.google.com\/file\/d\/1hbMgu2a3D56fpsNh86LYXj4qfV-AcFoU\/view?usp=sharing\">Leer documento completo\u00a0<\/a><\/p>\n\n\n\n<div class=\"wp-block-file\"><a href=\"https:\/\/redalforja.org.gt\/mediateca\/wp-content\/uploads\/2022\/02\/FREEDMAN-TOMASINO-PAYES.-Mapeo-de-experiencias-de-educacion-popular-con-movimientos-sociales.pdf\" target=\"_blank\" rel=\"noreferrer noopener\">FREEDMAN, TOMASINO, PAYES. Mapeo de experiencias de educacion popular con movimientos sociales<\/a><\/div>\n","protected":false},"excerpt":{"rendered":"<p>Este documento es un esfuerzo de la Comisi\u00f3n de Movimientos Sociales del Consejo de Educaci\u00f3n Popular de Am\u00e9rica Latina y el Caribe para aportar conocimiento sobre los procesos de formaci\u00f3n&#8230; <a href=\"https:\/\/redalforja.org.gt\/mediateca\/2018\/01\/17\/mapeo-de-experiencias-de-educacion-popular-con-movimietos-sociales\/\">Leer m\u00e1s &raquo;<\/a><\/p>\n","protected":false},"author":3,"featured_media":264,"comment_status":"open","ping_status":"closed","sticky":false,"template":"","format":"standard","meta":[],"categories":[5,3],"tags":[],"post_mailing_queue_ids":[],"_links":{"self":[{"href":"https:\/\/redalforja.org.gt\/mediateca\/wp-json\/wp\/v2\/posts\/263"}],"collection":[{"href":"https:\/\/redalforja.org.gt\/mediateca\/wp-json\/wp\/v2\/posts"}],"about":[{"href":"https:\/\/redalforja.org.gt\/mediateca\/wp-json\/wp\/v2\/types\/post"}],"author":[{"embeddable":true,"href":"https:\/\/redalforja.org.gt\/mediateca\/wp-json\/wp\/v2\/users\/3"}],"replies":[{"embeddable":true,"href":"https:\/\/redalforja.org.gt\/mediateca\/wp-json\/wp\/v2\/comments?post=263"}],"version-history":[{"count":6,"href":"https:\/\/redalforja.org.gt\/mediateca\/wp-json\/wp\/v2\/posts\/263\/revisions"}],"predecessor-version":[{"id":1580,"href":"https:\/\/redalforja.org.gt\/mediateca\/wp-json\/wp\/v2\/posts\/263\/revisions\/1580"}],"wp:featuredmedia":[{"embeddable":true,"href":"https:\/\/redalforja.org.gt\/mediateca\/wp-json\/wp\/v2\/media\/264"}],"wp:attachment":[{"href":"https:\/\/redalforja.org.gt\/mediateca\/wp-json\/wp\/v2\/media?parent=263"}],"wp:term":[{"taxonomy":"category","embeddable":true,"href":"https:\/\/redalforja.org.gt\/mediateca\/wp-json\/wp\/v2\/categories?post=263"},{"taxonomy":"post_tag","embeddable":true,"href":"https:\/\/redalforja.org.gt\/mediateca\/wp-json\/wp\/v2\/tags?post=263"}],"curies":[{"name":"wp","href":"https:\/\/api.w.org\/{rel}","templated":true}]}}