{"id":260,"date":"2018-01-17T22:31:25","date_gmt":"2018-01-17T22:31:25","guid":{"rendered":"https:\/\/redalforja.org.gt\/mediateca\/?p=260"},"modified":"2022-07-27T07:07:58","modified_gmt":"2022-07-27T07:07:58","slug":"sistematizacion-desde-la-educacion-popular-documento","status":"publish","type":"post","link":"https:\/\/redalforja.org.gt\/mediateca\/2018\/01\/17\/sistematizacion-desde-la-educacion-popular-documento\/","title":{"rendered":"SISTEMATIZACI\u00d3N DESDE LA EDUCACI\u00d3N POPULAR &#8211; (Documento)"},"content":{"rendered":"<p>Como Red Alforja hacemos una propuesta de sistematizaci\u00f3n desde la Educaci\u00f3n Popular, no por ello es una propuesta simple, pero pretendemos que sea sencilla, que no es exactamente lo mismo. Que sea manejable, pero no por ello queremos simplificar la realidad, ya que la realidad la consideramos compleja.\u00a0<!--more--><br \/>Creemos que de fondo est\u00e1, que podemos entender los procesos que hemos vivido y sacar los aprendizajes que nos indican los futuros caminos a seguir. Algo que algunos\/as de ustedes han aportado. El sentido que tiene hacer esto es aprender de las experiencias y ver mejor nuestros rumbos. Es tambi\u00e9n ver los sentidos pol\u00edticos que tuvieron las experiencias. Realmente, \u00bflogramos transformar lo que estamos pretendiendo transformar o estamos haciendo otra cosa?<\/p>\n<p>\u00a0<\/p>\n\n\n<p><a href=\"https:\/\/drive.google.com\/file\/d\/1n_HMmRFdlOMNIXHhViKll-3R4BIS5RMB\/view?usp=sharing\">Leer texto completo\u00a0<\/a><\/p>\n","protected":false},"excerpt":{"rendered":"<p>Como Red Alforja hacemos una propuesta de sistematizaci\u00f3n desde la Educaci\u00f3n Popular, no por ello es una propuesta simple, pero pretendemos que sea sencilla, que no es exactamente lo mismo&#8230;. <a href=\"https:\/\/redalforja.org.gt\/mediateca\/2018\/01\/17\/sistematizacion-desde-la-educacion-popular-documento\/\">Leer m\u00e1s &raquo;<\/a><\/p>\n","protected":false},"author":3,"featured_media":261,"comment_status":"open","ping_status":"closed","sticky":false,"template":"","format":"standard","meta":[],"categories":[6,25,3],"tags":[],"post_mailing_queue_ids":[],"_links":{"self":[{"href":"https:\/\/redalforja.org.gt\/mediateca\/wp-json\/wp\/v2\/posts\/260"}],"collection":[{"href":"https:\/\/redalforja.org.gt\/mediateca\/wp-json\/wp\/v2\/posts"}],"about":[{"href":"https:\/\/redalforja.org.gt\/mediateca\/wp-json\/wp\/v2\/types\/post"}],"author":[{"embeddable":true,"href":"https:\/\/redalforja.org.gt\/mediateca\/wp-json\/wp\/v2\/users\/3"}],"replies":[{"embeddable":true,"href":"https:\/\/redalforja.org.gt\/mediateca\/wp-json\/wp\/v2\/comments?post=260"}],"version-history":[{"count":4,"href":"https:\/\/redalforja.org.gt\/mediateca\/wp-json\/wp\/v2\/posts\/260\/revisions"}],"predecessor-version":[{"id":1582,"href":"https:\/\/redalforja.org.gt\/mediateca\/wp-json\/wp\/v2\/posts\/260\/revisions\/1582"}],"wp:featuredmedia":[{"embeddable":true,"href":"https:\/\/redalforja.org.gt\/mediateca\/wp-json\/wp\/v2\/media\/261"}],"wp:attachment":[{"href":"https:\/\/redalforja.org.gt\/mediateca\/wp-json\/wp\/v2\/media?parent=260"}],"wp:term":[{"taxonomy":"category","embeddable":true,"href":"https:\/\/redalforja.org.gt\/mediateca\/wp-json\/wp\/v2\/categories?post=260"},{"taxonomy":"post_tag","embeddable":true,"href":"https:\/\/redalforja.org.gt\/mediateca\/wp-json\/wp\/v2\/tags?post=260"}],"curies":[{"name":"wp","href":"https:\/\/api.w.org\/{rel}","templated":true}]}}