{"id":26,"date":"2017-11-16T19:10:44","date_gmt":"2017-11-16T19:10:44","guid":{"rendered":"https:\/\/redalforja.org.gt\/mediateca\/?p=26"},"modified":"2022-07-27T07:25:52","modified_gmt":"2022-07-27T07:25:52","slug":"concepcion-dialectica-y-el-triple-autodiagnostico-documento","status":"publish","type":"post","link":"https:\/\/redalforja.org.gt\/mediateca\/2017\/11\/16\/concepcion-dialectica-y-el-triple-autodiagnostico-documento\/","title":{"rendered":"Concepci\u00f3n dial\u00e9ctica y el triple autodiagn\u00f3stico    (documento)"},"content":{"rendered":"<p>Este documento se propone problematizar la forma como analizamos la realidad y como depende de nuestra concepci\u00f3n filos\u00f3fica de esta. Como educadores populares de Alforja, nos suscribimos a las corrientes filos\u00f3ficas dial\u00e9cticas. Por esto afirmamos que la realidad es una sola pero m\u00faltiple y diversa, que es cambiante y se mantiene en constante movimiento.<!--more--><\/p>\n<p>Si la realidad se transforma de manera dial\u00e9ctica, debemos aprender a actuar y pensar de manera dial\u00e9ctica tambi\u00e9n para ser m\u00e1s eficientes en nuestro accionar transformador. En este caso utilizamos el triple diagn\u00f3stico como un m\u00e9todo dial\u00e9ctico para hacer un an\u00e1lisis de la realidad, los diferentes elementos que la conforman y se interrelacionan entre s\u00ed creando tensiones, contradicciones y coherencias. Lo cual nos permite visualizar nuestros principales retos para lograr cambios en ella.<\/p>\n<p>Documento elaborado por: Ana Bickel<\/p>\n<p>\u00a0<\/p>\n\n\n<p><a href=\"https:\/\/drive.google.com\/file\/d\/1opnXRfoNHCoGAHBfsNgsNjLkbccbXlZ1\/view?usp=sharing\">Leer documento completo\u00a0<\/a><\/p>\n","protected":false},"excerpt":{"rendered":"<p>Este documento se propone problematizar la forma como analizamos la realidad y como depende de nuestra concepci\u00f3n filos\u00f3fica de esta. Como educadores populares de Alforja, nos suscribimos a las corrientes&#8230; <a href=\"https:\/\/redalforja.org.gt\/mediateca\/2017\/11\/16\/concepcion-dialectica-y-el-triple-autodiagnostico-documento\/\">Leer m\u00e1s &raquo;<\/a><\/p>\n","protected":false},"author":3,"featured_media":27,"comment_status":"open","ping_status":"closed","sticky":false,"template":"","format":"standard","meta":[],"categories":[6],"tags":[],"post_mailing_queue_ids":[],"_links":{"self":[{"href":"https:\/\/redalforja.org.gt\/mediateca\/wp-json\/wp\/v2\/posts\/26"}],"collection":[{"href":"https:\/\/redalforja.org.gt\/mediateca\/wp-json\/wp\/v2\/posts"}],"about":[{"href":"https:\/\/redalforja.org.gt\/mediateca\/wp-json\/wp\/v2\/types\/post"}],"author":[{"embeddable":true,"href":"https:\/\/redalforja.org.gt\/mediateca\/wp-json\/wp\/v2\/users\/3"}],"replies":[{"embeddable":true,"href":"https:\/\/redalforja.org.gt\/mediateca\/wp-json\/wp\/v2\/comments?post=26"}],"version-history":[{"count":5,"href":"https:\/\/redalforja.org.gt\/mediateca\/wp-json\/wp\/v2\/posts\/26\/revisions"}],"predecessor-version":[{"id":1609,"href":"https:\/\/redalforja.org.gt\/mediateca\/wp-json\/wp\/v2\/posts\/26\/revisions\/1609"}],"wp:featuredmedia":[{"embeddable":true,"href":"https:\/\/redalforja.org.gt\/mediateca\/wp-json\/wp\/v2\/media\/27"}],"wp:attachment":[{"href":"https:\/\/redalforja.org.gt\/mediateca\/wp-json\/wp\/v2\/media?parent=26"}],"wp:term":[{"taxonomy":"category","embeddable":true,"href":"https:\/\/redalforja.org.gt\/mediateca\/wp-json\/wp\/v2\/categories?post=26"},{"taxonomy":"post_tag","embeddable":true,"href":"https:\/\/redalforja.org.gt\/mediateca\/wp-json\/wp\/v2\/tags?post=26"}],"curies":[{"name":"wp","href":"https:\/\/api.w.org\/{rel}","templated":true}]}}