{"id":257,"date":"2018-01-17T22:27:08","date_gmt":"2018-01-17T22:27:08","guid":{"rendered":"https:\/\/redalforja.org.gt\/mediateca\/?p=257"},"modified":"2022-07-27T07:08:53","modified_gmt":"2022-07-27T07:08:53","slug":"como-le-hacemos-para-construir-conocimiento-a-traves-de-la-sistematizacion-de-la-practica-social-documento","status":"publish","type":"post","link":"https:\/\/redalforja.org.gt\/mediateca\/2018\/01\/17\/como-le-hacemos-para-construir-conocimiento-a-traves-de-la-sistematizacion-de-la-practica-social-documento\/","title":{"rendered":"\u00bfC\u00d3MO LE HACEMOS? \u2026 Para construir conocimiento a trav\u00e9s de la sistematizaci\u00f3n de la pr\u00e1ctica social &#8211; (Documento)"},"content":{"rendered":"<p>Este documento nos invita a pensar el punto de vista que\u00a0 entendemos sobre la sistematizaci\u00f3n no s\u00f3lo como un trabajo de recuperaci\u00f3n de una experiencia y su consecuente interpretaci\u00f3n, sino tambi\u00e9n como una tarea permanente de construcci\u00f3n de un SISTEMA de ideas, conceptos y s\u00edmbolos. Etimol\u00f3gicamente, el t\u00e9rmino sistema proviene del griego \u201csuninstanal\u201d que significa \u201cponer junto\u201d y cotidianamente tambi\u00e9n mencionamos varios tipos de sistemas (solar, digestivo, de comunicaciones, de pensamiento, de juego, etc.), entendiendo que nos referimos a un conjunto de elementos que est\u00e1n vinculados entre s\u00ed, que funcionan como un todo y que tienen un m\u00ednimo orden.<!--more--><br \/>Nos propone que la SISTEMATIZACI\u00d3N puede jugar un papel muy importante en la consolidaci\u00f3n de un grupo, tanto en la acumulaci\u00f3n de sus saberes como en la socializaci\u00f3n de los mismos, contribuyendo a la conformaci\u00f3n de una cultura compartida. Es decir, a trav\u00e9s de un trabajo permanente de sistematizaci\u00f3n llevada a cabo de manera colectiva, es posible y resulta ben\u00e9fico para una organizaci\u00f3n irle dando car\u00e1cter de sistema al ir \u201cponiendo todo junto\u201d, armando el rompecabezas de valores, saberes y motivaciones de las personas que participan en dicha organizaci\u00f3n.<\/p>\n<p>\u00a0<\/p>\n\n\n<p><a href=\"https:\/\/drive.google.com\/file\/d\/1XiI1I0d9FhJV_JSutFgNBtIx4PuBXBoW\/view?usp=sharing\">Leer documento completo\u00a0<\/a><\/p>\n","protected":false},"excerpt":{"rendered":"<p>Este documento nos invita a pensar el punto de vista que\u00a0 entendemos sobre la sistematizaci\u00f3n no s\u00f3lo como un trabajo de recuperaci\u00f3n de una experiencia y su consecuente interpretaci\u00f3n, sino&#8230; <a href=\"https:\/\/redalforja.org.gt\/mediateca\/2018\/01\/17\/como-le-hacemos-para-construir-conocimiento-a-traves-de-la-sistematizacion-de-la-practica-social-documento\/\">Leer m\u00e1s &raquo;<\/a><\/p>\n","protected":false},"author":3,"featured_media":258,"comment_status":"open","ping_status":"closed","sticky":false,"template":"","format":"standard","meta":[],"categories":[3],"tags":[],"post_mailing_queue_ids":[],"_links":{"self":[{"href":"https:\/\/redalforja.org.gt\/mediateca\/wp-json\/wp\/v2\/posts\/257"}],"collection":[{"href":"https:\/\/redalforja.org.gt\/mediateca\/wp-json\/wp\/v2\/posts"}],"about":[{"href":"https:\/\/redalforja.org.gt\/mediateca\/wp-json\/wp\/v2\/types\/post"}],"author":[{"embeddable":true,"href":"https:\/\/redalforja.org.gt\/mediateca\/wp-json\/wp\/v2\/users\/3"}],"replies":[{"embeddable":true,"href":"https:\/\/redalforja.org.gt\/mediateca\/wp-json\/wp\/v2\/comments?post=257"}],"version-history":[{"count":4,"href":"https:\/\/redalforja.org.gt\/mediateca\/wp-json\/wp\/v2\/posts\/257\/revisions"}],"predecessor-version":[{"id":1584,"href":"https:\/\/redalforja.org.gt\/mediateca\/wp-json\/wp\/v2\/posts\/257\/revisions\/1584"}],"wp:featuredmedia":[{"embeddable":true,"href":"https:\/\/redalforja.org.gt\/mediateca\/wp-json\/wp\/v2\/media\/258"}],"wp:attachment":[{"href":"https:\/\/redalforja.org.gt\/mediateca\/wp-json\/wp\/v2\/media?parent=257"}],"wp:term":[{"taxonomy":"category","embeddable":true,"href":"https:\/\/redalforja.org.gt\/mediateca\/wp-json\/wp\/v2\/categories?post=257"},{"taxonomy":"post_tag","embeddable":true,"href":"https:\/\/redalforja.org.gt\/mediateca\/wp-json\/wp\/v2\/tags?post=257"}],"curies":[{"name":"wp","href":"https:\/\/api.w.org\/{rel}","templated":true}]}}