{"id":254,"date":"2018-01-17T22:22:32","date_gmt":"2018-01-17T22:22:32","guid":{"rendered":"https:\/\/redalforja.org.gt\/mediateca\/?p=254"},"modified":"2022-07-27T07:10:21","modified_gmt":"2022-07-27T07:10:21","slug":"presentacion-de-la-sistematizacion-de-la-experiencia-del-programa-de-transferencia-de-tierras-ptt-documento","status":"publish","type":"post","link":"https:\/\/redalforja.org.gt\/mediateca\/2018\/01\/17\/presentacion-de-la-sistematizacion-de-la-experiencia-del-programa-de-transferencia-de-tierras-ptt-documento\/","title":{"rendered":"Presentaci\u00f3n de la sistematizaci\u00f3n de la Experiencia del Programa de Transferencia de Tierras (PTT) &#8211; (Documento)"},"content":{"rendered":"<p>Este documento es una s\u00edntesis del proceso metodol\u00f3gico impulsado y de las conclusiones y recomendaciones obtenidas a del proceso de sistematizaci\u00f3n del Programa de Transferencia de Tierras (PTT) que hemos realizado, en las zonas atendidas por la Fundaci\u00f3n Promotora de Cooperativas (FUNPROCOOP), con los beneficiarios y las beneficiarias de las comunidades del Alto Lempa y de la zona alta del departamento de Chalatenango, Bajo Guazapa y regi\u00f3n aleda\u00f1a a Suchitoto en Cuscatl\u00e1n y faldas del Volc\u00e1n de Chinchontepec en San Vicente, as\u00ed como con algunos\/as beneficiarios\/as de otras propiedades del PTT, dirigentes\/as del movimiento campesino y compa\u00f1eras y compa\u00f1eros que fueron excluidas\/os del proceso de reinserci\u00f3n.<!--more--><br \/>El Programa de Transferencia de Tierras (PTT) surgi\u00f3 para darle seguimiento a los compromisos adquiridos por las partes en conflicto acerca de la redistribuci\u00f3n de la tierra en El Salvador, en el marco de los Acuerdos de Paz firmados en Febrero 1992. Propuso la distribuci\u00f3n, en tres fases, de 237 mil manzanas para un total de 47,500 beneficiarios\/as entre excombatientes de ambos bandos y tenedores\/as de las zonas ex conflictivas.<br \/>La necesidad de la sistematizaci\u00f3n surgi\u00f3 al observar que una parte de los\/as beneficiarios\/as tend\u00edan a vender sus tierras inmediatamente despu\u00e9s de concluir los procesos de medici\u00f3n y estructuraci\u00f3n definitiva de sus propiedades, generando con ello condiciones para una nueva concentraci\u00f3n de tierras en El Salvador.<\/p>\n<p>\u00a0<\/p>\n\n\n<p><a href=\"https:\/\/drive.google.com\/file\/d\/1XiI1I0d9FhJV_JSutFgNBtIx4PuBXBoW\/view?usp=sharing\">Leer documento completo\u00a0<\/a><\/p>\n","protected":false},"excerpt":{"rendered":"<p>Este documento es una s\u00edntesis del proceso metodol\u00f3gico impulsado y de las conclusiones y recomendaciones obtenidas a del proceso de sistematizaci\u00f3n del Programa de Transferencia de Tierras (PTT) que hemos&#8230; <a href=\"https:\/\/redalforja.org.gt\/mediateca\/2018\/01\/17\/presentacion-de-la-sistematizacion-de-la-experiencia-del-programa-de-transferencia-de-tierras-ptt-documento\/\">Leer m\u00e1s &raquo;<\/a><\/p>\n","protected":false},"author":3,"featured_media":255,"comment_status":"open","ping_status":"closed","sticky":false,"template":"","format":"standard","meta":[],"categories":[3],"tags":[],"post_mailing_queue_ids":[],"_links":{"self":[{"href":"https:\/\/redalforja.org.gt\/mediateca\/wp-json\/wp\/v2\/posts\/254"}],"collection":[{"href":"https:\/\/redalforja.org.gt\/mediateca\/wp-json\/wp\/v2\/posts"}],"about":[{"href":"https:\/\/redalforja.org.gt\/mediateca\/wp-json\/wp\/v2\/types\/post"}],"author":[{"embeddable":true,"href":"https:\/\/redalforja.org.gt\/mediateca\/wp-json\/wp\/v2\/users\/3"}],"replies":[{"embeddable":true,"href":"https:\/\/redalforja.org.gt\/mediateca\/wp-json\/wp\/v2\/comments?post=254"}],"version-history":[{"count":4,"href":"https:\/\/redalforja.org.gt\/mediateca\/wp-json\/wp\/v2\/posts\/254\/revisions"}],"predecessor-version":[{"id":1586,"href":"https:\/\/redalforja.org.gt\/mediateca\/wp-json\/wp\/v2\/posts\/254\/revisions\/1586"}],"wp:featuredmedia":[{"embeddable":true,"href":"https:\/\/redalforja.org.gt\/mediateca\/wp-json\/wp\/v2\/media\/255"}],"wp:attachment":[{"href":"https:\/\/redalforja.org.gt\/mediateca\/wp-json\/wp\/v2\/media?parent=254"}],"wp:term":[{"taxonomy":"category","embeddable":true,"href":"https:\/\/redalforja.org.gt\/mediateca\/wp-json\/wp\/v2\/categories?post=254"},{"taxonomy":"post_tag","embeddable":true,"href":"https:\/\/redalforja.org.gt\/mediateca\/wp-json\/wp\/v2\/tags?post=254"}],"curies":[{"name":"wp","href":"https:\/\/api.w.org\/{rel}","templated":true}]}}