{"id":247,"date":"2018-01-17T22:08:56","date_gmt":"2018-01-17T22:08:56","guid":{"rendered":"https:\/\/redalforja.org.gt\/mediateca\/?p=247"},"modified":"2019-02-21T00:39:33","modified_gmt":"2019-02-21T00:39:33","slug":"la-sistematizacion-que-es-y-como-se-hace-documento","status":"publish","type":"post","link":"https:\/\/redalforja.org.gt\/mediateca\/2018\/01\/17\/la-sistematizacion-que-es-y-como-se-hace-documento\/","title":{"rendered":"La Sistematizaci\u00f3n: \u00bfQu\u00e9 es?\u2026 \u00bfY c\u00f3mo se hace? &#8211; (Documento)"},"content":{"rendered":"<p>Este documento nos expone las principales dificultades o entrampamientos a los que se enfrentan los grupos y organizaciones populares al emprender una sistematizaci\u00f3n de experiencias.<!--more--><br \/>\nEsta consideraci\u00f3n nos ha hecho formular paulatinamente nuestra propuesta de capacitaci\u00f3n en los \u00faltimos cinco a\u00f1os: a partir de nuestros propios trabajos de Sistematizaci\u00f3n, del intercambio con otras experiencias, y de las asesor\u00edas y de los talleres que hemos realizado, desde un rol de facilitadores.<br \/>\nCreemos que es importante mencionar en este momento los principales \u201catorones\u201d que hemos encontrado, para m\u00e1s adelante comentar de qu\u00e9 manera se han tomado en cuenta la propuesta de formaci\u00f3n.<\/p>\n<p><a href=\"https:\/\/redalforja.org.gt\/mediateca\/wp-content\/uploads\/2019\/02\/ANTILLON-Roberto.-La-sistematizacion-que-es-y-como-se-hace.pdf\">Puede descargar el documento aqu\u00ed.<\/a><\/p>\n","protected":false},"excerpt":{"rendered":"<p>Este documento nos expone las principales dificultades o entrampamientos a los que se enfrentan los grupos y organizaciones populares al emprender una sistematizaci\u00f3n de experiencias.<\/p>\n","protected":false},"author":3,"featured_media":248,"comment_status":"open","ping_status":"closed","sticky":false,"template":"","format":"standard","meta":[],"categories":[25,3],"tags":[],"post_mailing_queue_ids":[],"_links":{"self":[{"href":"https:\/\/redalforja.org.gt\/mediateca\/wp-json\/wp\/v2\/posts\/247"}],"collection":[{"href":"https:\/\/redalforja.org.gt\/mediateca\/wp-json\/wp\/v2\/posts"}],"about":[{"href":"https:\/\/redalforja.org.gt\/mediateca\/wp-json\/wp\/v2\/types\/post"}],"author":[{"embeddable":true,"href":"https:\/\/redalforja.org.gt\/mediateca\/wp-json\/wp\/v2\/users\/3"}],"replies":[{"embeddable":true,"href":"https:\/\/redalforja.org.gt\/mediateca\/wp-json\/wp\/v2\/comments?post=247"}],"version-history":[{"count":2,"href":"https:\/\/redalforja.org.gt\/mediateca\/wp-json\/wp\/v2\/posts\/247\/revisions"}],"predecessor-version":[{"id":640,"href":"https:\/\/redalforja.org.gt\/mediateca\/wp-json\/wp\/v2\/posts\/247\/revisions\/640"}],"wp:featuredmedia":[{"embeddable":true,"href":"https:\/\/redalforja.org.gt\/mediateca\/wp-json\/wp\/v2\/media\/248"}],"wp:attachment":[{"href":"https:\/\/redalforja.org.gt\/mediateca\/wp-json\/wp\/v2\/media?parent=247"}],"wp:term":[{"taxonomy":"category","embeddable":true,"href":"https:\/\/redalforja.org.gt\/mediateca\/wp-json\/wp\/v2\/categories?post=247"},{"taxonomy":"post_tag","embeddable":true,"href":"https:\/\/redalforja.org.gt\/mediateca\/wp-json\/wp\/v2\/tags?post=247"}],"curies":[{"name":"wp","href":"https:\/\/api.w.org\/{rel}","templated":true}]}}