{"id":236,"date":"2018-01-17T21:22:29","date_gmt":"2018-01-17T21:22:29","guid":{"rendered":"https:\/\/redalforja.org.gt\/mediateca\/?p=236"},"modified":"2022-07-27T07:16:14","modified_gmt":"2022-07-27T07:16:14","slug":"centroamerica-el-anclaje-extractivista-en-la-tierra-media-documento","status":"publish","type":"post","link":"https:\/\/redalforja.org.gt\/mediateca\/2018\/01\/17\/centroamerica-el-anclaje-extractivista-en-la-tierra-media-documento\/","title":{"rendered":"Centroam\u00e9rica: El anclaje extractivista en la \u2018Tierra Media\u2019 &#8211; (Documento)"},"content":{"rendered":"<p>Este texto nos plantea la situaci\u00f3n Centroam\u00e9ricana que aparenta ser una regi\u00f3n con el derecho sempiterno de ser explotado en funci\u00f3n de los intereses del capitalismo universal. Parece estar condenada a pagar tributo por su estrecha peque\u00f1ez en los asuntos del comercio mundial. En su interior se hierve la fuerza de la naturaleza cuyo destino es af\u00edn a los modelos de desarrollo impuestos extra regionalmente.<!--more--><br \/>Actualmente el modelo del \u201cneodesarrollo\u201d se ha presentado como la respuesta a la doctrina neoliberal que fuera aplicado en la regi\u00f3n centroamericana desde finales de los a\u00f1os 80\u00b4s del siglo XX. El neoliberalismo impuso como receta la desarticulaci\u00f3n de los aparatos productivos en cada pa\u00eds, con mayor o menos grado de aplicaci\u00f3n y cuyos impactos siguen siendo mortales.<\/p>\n<p>\u00a0<\/p>\n\n\n<p><a href=\"https:\/\/drive.google.com\/file\/d\/1U7ePhUC2wzDEZQN4OmkxGAjS-VSPBZfP\/view?usp=sharing\">Leer documento completo\u00a0<\/a><\/p>\n","protected":false},"excerpt":{"rendered":"<p>Este texto nos plantea la situaci\u00f3n Centroam\u00e9ricana que aparenta ser una regi\u00f3n con el derecho sempiterno de ser explotado en funci\u00f3n de los intereses del capitalismo universal. Parece estar condenada&#8230; <a href=\"https:\/\/redalforja.org.gt\/mediateca\/2018\/01\/17\/centroamerica-el-anclaje-extractivista-en-la-tierra-media-documento\/\">Leer m\u00e1s &raquo;<\/a><\/p>\n","protected":false},"author":3,"featured_media":237,"comment_status":"open","ping_status":"closed","sticky":false,"template":"","format":"standard","meta":[],"categories":[15,7,19],"tags":[],"post_mailing_queue_ids":[],"_links":{"self":[{"href":"https:\/\/redalforja.org.gt\/mediateca\/wp-json\/wp\/v2\/posts\/236"}],"collection":[{"href":"https:\/\/redalforja.org.gt\/mediateca\/wp-json\/wp\/v2\/posts"}],"about":[{"href":"https:\/\/redalforja.org.gt\/mediateca\/wp-json\/wp\/v2\/types\/post"}],"author":[{"embeddable":true,"href":"https:\/\/redalforja.org.gt\/mediateca\/wp-json\/wp\/v2\/users\/3"}],"replies":[{"embeddable":true,"href":"https:\/\/redalforja.org.gt\/mediateca\/wp-json\/wp\/v2\/comments?post=236"}],"version-history":[{"count":4,"href":"https:\/\/redalforja.org.gt\/mediateca\/wp-json\/wp\/v2\/posts\/236\/revisions"}],"predecessor-version":[{"id":1595,"href":"https:\/\/redalforja.org.gt\/mediateca\/wp-json\/wp\/v2\/posts\/236\/revisions\/1595"}],"wp:featuredmedia":[{"embeddable":true,"href":"https:\/\/redalforja.org.gt\/mediateca\/wp-json\/wp\/v2\/media\/237"}],"wp:attachment":[{"href":"https:\/\/redalforja.org.gt\/mediateca\/wp-json\/wp\/v2\/media?parent=236"}],"wp:term":[{"taxonomy":"category","embeddable":true,"href":"https:\/\/redalforja.org.gt\/mediateca\/wp-json\/wp\/v2\/categories?post=236"},{"taxonomy":"post_tag","embeddable":true,"href":"https:\/\/redalforja.org.gt\/mediateca\/wp-json\/wp\/v2\/tags?post=236"}],"curies":[{"name":"wp","href":"https:\/\/api.w.org\/{rel}","templated":true}]}}